{"id":51999,"date":"2025-06-29T17:07:33","date_gmt":"2025-06-29T20:07:33","guid":{"rendered":"https:\/\/actualizateiguazu.com\/v3\/?p=51999"},"modified":"2025-06-29T17:09:20","modified_gmt":"2025-06-29T20:09:20","slug":"el-banco-de-corrientes-acompana-el-desarrollo-productivo-con-una-fuerte-presencia-en-la-1a-expo-foresto-industrial","status":"publish","type":"post","link":"https:\/\/actualizateiguazu.com\/v3\/2025\/06\/29\/el-banco-de-corrientes-acompana-el-desarrollo-productivo-con-una-fuerte-presencia-en-la-1a-expo-foresto-industrial\/","title":{"rendered":"El Banco de Corrientes acompa\u00f1a el desarrollo productivo con una fuerte presencia en la 1\u00aa Expo Foresto Industrial"},"content":{"rendered":"<p>Con una atractiva oferta de productos y servicios exclusivos para el sector, la entidad financiera correntina dijo presente en esta exposici\u00f3n de Corrientes, un encuentro estrat\u00e9gico para continuar dando impulso al desarrollo y la modernizaci\u00f3n de la provincia.<\/p>\n<p>El Banco de Corrientes (BanCo) reafirma su compromiso con el sector productivo mediante una fuerte presencia en la Primera Expo Foresto Industrial de Corrientes, que se lleva a cabo en el predio del flamante Parque Industrial en Ituzaing\u00f3, Corrientes, del 26 al 28 de junio. El acto inaugural estuvo encabezado por el gobernador Gustavo Vald\u00e9s, el vicegobernador, Pedro Braillard Poccard y el intendente de Ituzaing\u00f3, Juan Pablo Vald\u00e9s, adem\u00e1s de funcionarios nacionales, provinciales y municipales. Participaron tambi\u00e9n la presidente del BanCo, Laura Sprovieri; el director Enzo Maria y miembros de la entidad financiera.<\/p>\n<p>En la oportunidad, el BanCo cuenta con un stand institucional en el acceso de la Expo, y ofrece l\u00edneas de financiamiento exclusivas destinadas a la compra de maquinarias, equipamiento y ofertas complementarias como promociones y tarjetas de cr\u00e9dito, entre otros. Adem\u00e1s, se incorpora una l\u00ednea especifica de cr\u00e9ditos verdes para personas y empresas con tasas preferenciales, buscando acompa\u00f1ar proyectos sostenibles.<\/p>\n<p>En su discurso de bienvenida ante los presentes, el gobernador Vald\u00e9s destac\u00f3 el accionar del BanCo en materia de inversi\u00f3n de recursos a la hora de impulsar el desarrollo local y atraer mayores industrias a Corrientes. Posteriormente, Laura Sprovieri expres\u00f3 que \u201cla creaci\u00f3n del Parque Industrial y esta primera exposici\u00f3n marcan un antes y un despu\u00e9s en el impulso a uno de los sectores m\u00e1s din\u00e1micos de la provincia\u201d.<\/p>\n<p><img loading=\"lazy\" decoding=\"async\" class=\"alignnone size-full wp-image-52003\" src=\"https:\/\/actualizateiguazu.com\/v3\/wp-content\/uploads\/2025\/06\/WhatsApp-Image-2025-06-29-at-11.26.33.jpeg\" alt=\"\" width=\"1600\" height=\"1114\" srcset=\"https:\/\/actualizateiguazu.com\/v3\/wp-content\/uploads\/2025\/06\/WhatsApp-Image-2025-06-29-at-11.26.33.jpeg 1600w, https:\/\/actualizateiguazu.com\/v3\/wp-content\/uploads\/2025\/06\/WhatsApp-Image-2025-06-29-at-11.26.33-300x209.jpeg 300w, https:\/\/actualizateiguazu.com\/v3\/wp-content\/uploads\/2025\/06\/WhatsApp-Image-2025-06-29-at-11.26.33-1024x713.jpeg 1024w, https:\/\/actualizateiguazu.com\/v3\/wp-content\/uploads\/2025\/06\/WhatsApp-Image-2025-06-29-at-11.26.33-768x535.jpeg 768w, https:\/\/actualizateiguazu.com\/v3\/wp-content\/uploads\/2025\/06\/WhatsApp-Image-2025-06-29-at-11.26.33-1536x1069.jpeg 1536w\" sizes=\"auto, (max-width: 1600px) 100vw, 1600px\" \/><\/p>\n<p>\u201cDesde el BanCo, reafirmamos nuestro compromiso con los emprendedores, empresarios y PyMEs que forman parte de esta gran cadena de valor\u201d, resalt\u00f3 la contadora y agreg\u00f3 que \u201cel desarrollo foresto industrial es una de las grandes apuestas productivas de Corrientes y uno de sus sectores clave. Por eso, como banco p\u00fablico, estamos presentes con una propuesta de financiamiento dise\u00f1ada a la medida de las necesidades del sector. Queremos que las inversiones lleguen y se materialicen en empleo, innovaci\u00f3n y desarrollo sustentable\u201d.<\/p>\n<p>El gran despliegue de la entidad financiera correntina en la exposici\u00f3n se enmarca en una pol\u00edtica transversal de acercamiento directo a todos los sectores productivos, escuchar las demandas y ofrecer soluciones financieras concretas y adaptadas a las distintas necesidades. \u201cEl desarrollo econ\u00f3mico se construye en alianza, y esa es la esencia de la participaci\u00f3n del BanCo: ser el puente que conecta proyectos con oportunidades\u201d, finaliz\u00f3 Sprovieri.<\/p>\n","protected":false},"excerpt":{"rendered":"<p>Con una atractiva oferta de productos y servicios exclusivos para el sector, la entidad financiera<\/p>\n","protected":false},"author":1,"featured_media":52002,"comment_status":"closed","ping_status":"open","sticky":false,"template":"","format":"standard","meta":{"footnotes":""},"categories":[1,226,227],"tags":[],"class_list":["post-51999","post","type-post","status-publish","format-standard","has-post-thumbnail","hentry","category-actualidad","category-locales","category-nacionales"],"_links":{"self":[{"href":"https:\/\/actualizateiguazu.com\/v3\/wp-json\/wp\/v2\/posts\/51999","targetHints":{"allow":["GET"]}}],"collection":[{"href":"https:\/\/actualizateiguazu.com\/v3\/wp-json\/wp\/v2\/posts"}],"about":[{"href":"https:\/\/actualizateiguazu.com\/v3\/wp-json\/wp\/v2\/types\/post"}],"author":[{"embeddable":true,"href":"https:\/\/actualizateiguazu.com\/v3\/wp-json\/wp\/v2\/users\/1"}],"replies":[{"embeddable":true,"href":"https:\/\/actualizateiguazu.com\/v3\/wp-json\/wp\/v2\/comments?post=51999"}],"version-history":[{"count":2,"href":"https:\/\/actualizateiguazu.com\/v3\/wp-json\/wp\/v2\/posts\/51999\/revisions"}],"predecessor-version":[{"id":52004,"href":"https:\/\/actualizateiguazu.com\/v3\/wp-json\/wp\/v2\/posts\/51999\/revisions\/52004"}],"wp:featuredmedia":[{"embeddable":true,"href":"https:\/\/actualizateiguazu.com\/v3\/wp-json\/wp\/v2\/media\/52002"}],"wp:attachment":[{"href":"https:\/\/actualizateiguazu.com\/v3\/wp-json\/wp\/v2\/media?parent=51999"}],"wp:term":[{"taxonomy":"category","embeddable":true,"href":"https:\/\/actualizateiguazu.com\/v3\/wp-json\/wp\/v2\/categories?post=51999"},{"taxonomy":"post_tag","embeddable":true,"href":"https:\/\/actualizateiguazu.com\/v3\/wp-json\/wp\/v2\/tags?post=51999"}],"curies":[{"name":"wp","href":"https:\/\/api.w.org\/{rel}","templated":true}]}}