{"id":52005,"date":"2025-06-29T18:06:44","date_gmt":"2025-06-29T21:06:44","guid":{"rendered":"https:\/\/actualizateiguazu.com\/v3\/?p=52005"},"modified":"2025-06-29T18:06:44","modified_gmt":"2025-06-29T21:06:44","slug":"en-iguazu-la-militancia-del-partido-justicialista-se-reunion-bajo-la-consigna-cristina-libre","status":"publish","type":"post","link":"https:\/\/actualizateiguazu.com\/v3\/2025\/06\/29\/en-iguazu-la-militancia-del-partido-justicialista-se-reunion-bajo-la-consigna-cristina-libre\/","title":{"rendered":"\u00a0En Iguaz\u00fa la militancia del partido justicialista se reuni\u00f3n bajo la consigna \u201cCristina Libre\u201d"},"content":{"rendered":"<p>El Partido Justicialista de Misiones junto a otros espacios pol\u00edticos realiz\u00f3 dos jornadas de actividades en apoyo a Cristina Fern\u00e1ndez de Kirchner, en el marco de la campa\u00f1a nacional \u201cCristina Libre\u201d. Una de ellas tuvo lugar en Puerto Iguaz\u00fa.<\/p>\n<p>La campa\u00f1a nacional \u201cCristina Libre\u201d, que busca visibilizar su situaci\u00f3n judicial y fortalecer la organizaci\u00f3n pol\u00edtica en la provincia. En Puerto Iguaz\u00fa se concret\u00f3 el lanzamiento formal de la Mesa Cristina Libre, con la participaci\u00f3n virtual del interventor del PJ Misiones, Gustavo Arrieta, y un mensaje grabado de M\u00e1ximo Rodr\u00edguez. Durante este encuentro, se acord\u00f3 la redacci\u00f3n de un documento base y la continuidad de reuniones en espacios como ATE y la unidad b\u00e1sica Calixto Gomez.<\/p>\n<p>Desde el Partido Justicialista consideraron que la reuni\u00f3n en Iguaz\u00fa fue celebrada como un reencuentro necesario para la militancia, que destac\u00f3 el liderazgo de CFK como factor de unidad despu\u00e9s de un per\u00edodo de distanciamiento interno. Militantes comprometidas posaron junto al cartel de la campa\u00f1a, reflejando un clima de entusiasmo y solidaridad que atraves\u00f3 ambas jornadas.<\/p>\n<p><img loading=\"lazy\" decoding=\"async\" class=\"alignnone size-full wp-image-52006\" src=\"https:\/\/actualizateiguazu.com\/v3\/wp-content\/uploads\/2025\/06\/WhatsApp-Image-2025-06-29-at-14.33.09-scaled.jpeg\" alt=\"\" width=\"1920\" height=\"2560\" srcset=\"https:\/\/actualizateiguazu.com\/v3\/wp-content\/uploads\/2025\/06\/WhatsApp-Image-2025-06-29-at-14.33.09-scaled.jpeg 1920w, https:\/\/actualizateiguazu.com\/v3\/wp-content\/uploads\/2025\/06\/WhatsApp-Image-2025-06-29-at-14.33.09-225x300.jpeg 225w, https:\/\/actualizateiguazu.com\/v3\/wp-content\/uploads\/2025\/06\/WhatsApp-Image-2025-06-29-at-14.33.09-768x1024.jpeg 768w, https:\/\/actualizateiguazu.com\/v3\/wp-content\/uploads\/2025\/06\/WhatsApp-Image-2025-06-29-at-14.33.09-1152x1536.jpeg 1152w, https:\/\/actualizateiguazu.com\/v3\/wp-content\/uploads\/2025\/06\/WhatsApp-Image-2025-06-29-at-14.33.09-1536x2048.jpeg 1536w, https:\/\/actualizateiguazu.com\/v3\/wp-content\/uploads\/2025\/06\/WhatsApp-Image-2025-06-29-at-14.33.09-450x600.jpeg 450w\" sizes=\"auto, (max-width: 1920px) 100vw, 1920px\" \/><\/p>\n<p>Finalmente, los referentes locales asumieron el compromiso de sostener la mesa con trabajo territorial y participaci\u00f3n activa, con el objetivo de ampliar la convocatoria y reafirmar el respaldo pol\u00edtico a Cristina Fern\u00e1ndez de Kirchner en este momento clave<\/p>\n","protected":false},"excerpt":{"rendered":"<p>El Partido Justicialista de Misiones junto a otros espacios pol\u00edticos realiz\u00f3 dos jornadas de actividades<\/p>\n","protected":false},"author":1,"featured_media":52007,"comment_status":"closed","ping_status":"open","sticky":false,"template":"","format":"standard","meta":{"footnotes":""},"categories":[1,226,238],"tags":[],"class_list":["post-52005","post","type-post","status-publish","format-standard","has-post-thumbnail","hentry","category-actualidad","category-locales","category-politica"],"_links":{"self":[{"href":"https:\/\/actualizateiguazu.com\/v3\/wp-json\/wp\/v2\/posts\/52005","targetHints":{"allow":["GET"]}}],"collection":[{"href":"https:\/\/actualizateiguazu.com\/v3\/wp-json\/wp\/v2\/posts"}],"about":[{"href":"https:\/\/actualizateiguazu.com\/v3\/wp-json\/wp\/v2\/types\/post"}],"author":[{"embeddable":true,"href":"https:\/\/actualizateiguazu.com\/v3\/wp-json\/wp\/v2\/users\/1"}],"replies":[{"embeddable":true,"href":"https:\/\/actualizateiguazu.com\/v3\/wp-json\/wp\/v2\/comments?post=52005"}],"version-history":[{"count":1,"href":"https:\/\/actualizateiguazu.com\/v3\/wp-json\/wp\/v2\/posts\/52005\/revisions"}],"predecessor-version":[{"id":52008,"href":"https:\/\/actualizateiguazu.com\/v3\/wp-json\/wp\/v2\/posts\/52005\/revisions\/52008"}],"wp:featuredmedia":[{"embeddable":true,"href":"https:\/\/actualizateiguazu.com\/v3\/wp-json\/wp\/v2\/media\/52007"}],"wp:attachment":[{"href":"https:\/\/actualizateiguazu.com\/v3\/wp-json\/wp\/v2\/media?parent=52005"}],"wp:term":[{"taxonomy":"category","embeddable":true,"href":"https:\/\/actualizateiguazu.com\/v3\/wp-json\/wp\/v2\/categories?post=52005"},{"taxonomy":"post_tag","embeddable":true,"href":"https:\/\/actualizateiguazu.com\/v3\/wp-json\/wp\/v2\/tags?post=52005"}],"curies":[{"name":"wp","href":"https:\/\/api.w.org\/{rel}","templated":true}]}}