{"id":52087,"date":"2025-07-05T12:32:44","date_gmt":"2025-07-05T15:32:44","guid":{"rendered":"https:\/\/actualizateiguazu.com\/v3\/?p=52087"},"modified":"2025-07-05T12:32:56","modified_gmt":"2025-07-05T15:32:56","slug":"el-destino-iguazu-participa-de-la-feria-caminos-y-sabores","status":"publish","type":"post","link":"https:\/\/actualizateiguazu.com\/v3\/2025\/07\/05\/el-destino-iguazu-participa-de-la-feria-caminos-y-sabores\/","title":{"rendered":"El destino Iguaz\u00fa participa de la feria \u201cCaminos y Sabores\u201d"},"content":{"rendered":"<p>El destino Iguaz\u00fa estuvo presente en la presentaci\u00f3n oficial de la temporada de invierno de Misiones en la feria nacional Caminos y Sabores, desarrollada en La Rural de Palermo, destacando la promoci\u00f3n tur\u00edstica como herramienta clave para la generaci\u00f3n de empleo genuino en la provincia.<\/p>\n<p>Bajo el lema \u201cIguaz\u00fa es Invierno\u201d, el destino present\u00f3 su propuesta para la temporada, con una oferta que combina naturaleza, cultura, gastronom\u00eda, sustentabilidad y hospitalidad, dise\u00f1ada para diversos perfiles de turistas: familias, parejas, grupos de amigos y viajeros individuales.<\/p>\n<p>La participaci\u00f3n de Iguaz\u00fa en ferias estrat\u00e9gicas como Caminos y Sabores forma parte de una pol\u00edtica de promoci\u00f3n sostenida, que busca impulsar el crecimiento del turismo como uno de los principales motores econ\u00f3micos de la regi\u00f3n, dinamizando actividades asociadas y generando empleo directo e indirecto.<\/p>\n<p>Desde Misiones se impulsa una visi\u00f3n estrat\u00e9gica del turismo como actividad transversal, que no solo genera ingresos, sino que tambi\u00e9n promueve la inclusi\u00f3n, la sostenibilidad y el arraigo local. La articulaci\u00f3n entre el sector p\u00fablico y privado ha sido fundamental para consolidar a Iguaz\u00fa como uno de los destinos m\u00e1s elegidos del pa\u00eds, durante todo el a\u00f1o.<\/p>\n<p>La apertura de la feria cont\u00f3 con la presencia del secretario de Turismo de la Naci\u00f3n, Lic. Daniel Scioli, el ministro de Turismo de Misiones, Dr. Jos\u00e9 Mar\u00eda Arr\u00faa, el presidente del Ente Municipal de Turismo de Iguaz\u00fa (ITUREM), Lic. Leopoldo Lucas, y el director de Turismo de El Soberbio, Lic. V\u00edctor Motta, entre otras autoridades del \u00e1mbito p\u00fablico y privado.<\/p>\n","protected":false},"excerpt":{"rendered":"<p>El destino Iguaz\u00fa estuvo presente en la presentaci\u00f3n oficial de la temporada de invierno de<\/p>\n","protected":false},"author":1,"featured_media":52088,"comment_status":"closed","ping_status":"open","sticky":false,"template":"","format":"standard","meta":{"footnotes":""},"categories":[1,226,234],"tags":[],"class_list":["post-52087","post","type-post","status-publish","format-standard","has-post-thumbnail","hentry","category-actualidad","category-locales","category-turismo"],"_links":{"self":[{"href":"https:\/\/actualizateiguazu.com\/v3\/wp-json\/wp\/v2\/posts\/52087","targetHints":{"allow":["GET"]}}],"collection":[{"href":"https:\/\/actualizateiguazu.com\/v3\/wp-json\/wp\/v2\/posts"}],"about":[{"href":"https:\/\/actualizateiguazu.com\/v3\/wp-json\/wp\/v2\/types\/post"}],"author":[{"embeddable":true,"href":"https:\/\/actualizateiguazu.com\/v3\/wp-json\/wp\/v2\/users\/1"}],"replies":[{"embeddable":true,"href":"https:\/\/actualizateiguazu.com\/v3\/wp-json\/wp\/v2\/comments?post=52087"}],"version-history":[{"count":1,"href":"https:\/\/actualizateiguazu.com\/v3\/wp-json\/wp\/v2\/posts\/52087\/revisions"}],"predecessor-version":[{"id":52089,"href":"https:\/\/actualizateiguazu.com\/v3\/wp-json\/wp\/v2\/posts\/52087\/revisions\/52089"}],"wp:featuredmedia":[{"embeddable":true,"href":"https:\/\/actualizateiguazu.com\/v3\/wp-json\/wp\/v2\/media\/52088"}],"wp:attachment":[{"href":"https:\/\/actualizateiguazu.com\/v3\/wp-json\/wp\/v2\/media?parent=52087"}],"wp:term":[{"taxonomy":"category","embeddable":true,"href":"https:\/\/actualizateiguazu.com\/v3\/wp-json\/wp\/v2\/categories?post=52087"},{"taxonomy":"post_tag","embeddable":true,"href":"https:\/\/actualizateiguazu.com\/v3\/wp-json\/wp\/v2\/tags?post=52087"}],"curies":[{"name":"wp","href":"https:\/\/api.w.org\/{rel}","templated":true}]}}