{"id":52137,"date":"2025-07-08T00:24:25","date_gmt":"2025-07-08T03:24:25","guid":{"rendered":"https:\/\/actualizateiguazu.com\/v3\/?p=52137"},"modified":"2025-07-08T00:24:25","modified_gmt":"2025-07-08T03:24:25","slug":"detuvieron-a-un-hombre-y-recuperaron-una-motocicleta-robada","status":"publish","type":"post","link":"https:\/\/actualizateiguazu.com\/v3\/2025\/07\/08\/detuvieron-a-un-hombre-y-recuperaron-una-motocicleta-robada\/","title":{"rendered":"Detuvieron a un hombre y recuperaron una motocicleta robada"},"content":{"rendered":"<p>La motocicleta al momento de ser robada no ten\u00eda ruedas y estaba estacionada en barrio Libertad. La ocultaron entre las malezas donde la polic\u00eda la encontr\u00f3. Hay un detenido<\/p>\n<p>Efectivos de la comisar\u00eda seccional 2da URV pasada las 19.30 horas de hoy lunes secuestraron una motocicleta marca Zanella de color negro de 110 c.c. que se hallaba oculto entre las malezas a metros de la finalizaci\u00f3n de la calle Ricardo Balbin de esta ciudad<\/p>\n<p>De averiguaciones practicadas en la base de datos policial se estableci\u00f3 que el rodado hab\u00eda sido sustra\u00eddo a un hombre de 30 a\u00f1os en horas de la madrugada cuando se hallaba estacionado en el barrio Libertad.<\/p>\n<p>La investigaci\u00f3n llevaba a cabo por los uniformados deriv\u00f3 en la detenci\u00f3n de un hombre de 34 a\u00f1os identificado como Emilio C. Si bien el rodado al momento de la sustracci\u00f3n carec\u00eda de ambas ruedas, tras el hallazgo se detect\u00f3 que evidenciaba que ser\u00eda transportado a otro lugar.<\/p>\n<p>En ese contexto el motoveh\u00edculo fue llevado hasta la dependencia policial donde luego de los tr\u00e1mites correspondientes ser\u00e1 restituido a su leg\u00edtimo Propietario. En tanto el detenido permanece alojado en sede policial a disposici\u00f3n de la justicia en averiguaci\u00f3n del hecho.<\/p>\n","protected":false},"excerpt":{"rendered":"<p>La motocicleta al momento de ser robada no ten\u00eda ruedas y estaba estacionada en barrio<\/p>\n","protected":false},"author":1,"featured_media":52138,"comment_status":"closed","ping_status":"open","sticky":false,"template":"","format":"standard","meta":{"footnotes":""},"categories":[1,228],"tags":[],"class_list":["post-52137","post","type-post","status-publish","format-standard","has-post-thumbnail","hentry","category-actualidad","category-policiales"],"_links":{"self":[{"href":"https:\/\/actualizateiguazu.com\/v3\/wp-json\/wp\/v2\/posts\/52137","targetHints":{"allow":["GET"]}}],"collection":[{"href":"https:\/\/actualizateiguazu.com\/v3\/wp-json\/wp\/v2\/posts"}],"about":[{"href":"https:\/\/actualizateiguazu.com\/v3\/wp-json\/wp\/v2\/types\/post"}],"author":[{"embeddable":true,"href":"https:\/\/actualizateiguazu.com\/v3\/wp-json\/wp\/v2\/users\/1"}],"replies":[{"embeddable":true,"href":"https:\/\/actualizateiguazu.com\/v3\/wp-json\/wp\/v2\/comments?post=52137"}],"version-history":[{"count":1,"href":"https:\/\/actualizateiguazu.com\/v3\/wp-json\/wp\/v2\/posts\/52137\/revisions"}],"predecessor-version":[{"id":52139,"href":"https:\/\/actualizateiguazu.com\/v3\/wp-json\/wp\/v2\/posts\/52137\/revisions\/52139"}],"wp:featuredmedia":[{"embeddable":true,"href":"https:\/\/actualizateiguazu.com\/v3\/wp-json\/wp\/v2\/media\/52138"}],"wp:attachment":[{"href":"https:\/\/actualizateiguazu.com\/v3\/wp-json\/wp\/v2\/media?parent=52137"}],"wp:term":[{"taxonomy":"category","embeddable":true,"href":"https:\/\/actualizateiguazu.com\/v3\/wp-json\/wp\/v2\/categories?post=52137"},{"taxonomy":"post_tag","embeddable":true,"href":"https:\/\/actualizateiguazu.com\/v3\/wp-json\/wp\/v2\/tags?post=52137"}],"curies":[{"name":"wp","href":"https:\/\/api.w.org\/{rel}","templated":true}]}}