{"id":52158,"date":"2025-07-10T22:22:48","date_gmt":"2025-07-11T01:22:48","guid":{"rendered":"https:\/\/actualizateiguazu.com\/v3\/?p=52158"},"modified":"2025-07-10T22:22:48","modified_gmt":"2025-07-11T01:22:48","slug":"el-parque-nacional-do-iguacu-amplia-su-horario-y-atracciones-durante-las-vacaciones-de-julio","status":"publish","type":"post","link":"https:\/\/actualizateiguazu.com\/v3\/2025\/07\/10\/el-parque-nacional-do-iguacu-amplia-su-horario-y-atracciones-durante-las-vacaciones-de-julio\/","title":{"rendered":"El Parque Nacional do Igua\u00e7\u00fa ampl\u00eda su horario y atracciones durante las vacaciones de julio"},"content":{"rendered":"<p>Un nuevo sendero, la posibilidad de nadar en cascadas, una ciclov\u00eda y la observaci\u00f3n del cielo fortalecen la conexi\u00f3n con la naturaleza durante esta \u00e9poca especial.<\/p>\n<p>El Parque Nacional Iguaz\u00fa, hogar de las magn\u00edficas Cataratas del Iguaz\u00fa, una de las Siete Maravillas de la Naturaleza, ha preparado un programa especial para las vacaciones de julio. Del 12 al 27 de julio, el parque ampliar\u00e1 su horario de apertura y ofrecer\u00e1 nuevas experiencias, brindando a\u00fan m\u00e1s motivos para que residentes y visitantes exploren el destino a un ritmo pausado y profundo.<\/p>\n<p>Horario de visita extendido: Durante el per\u00edodo vacacional, del 12 al 27 de julio, el parque abrir\u00e1 todos los d\u00edas de 8:00 a. m. a 4:00 p. m. (una hora antes de lo habitual), y el \u00faltimo autob\u00fas regresar\u00e1 a las 5:30 p. m. Este cambio garantiza m\u00e1s tiempo para disfrutar de las atracciones y vivir la naturaleza en paz, disfrutando de la luz invernal y la belleza de las Cataratas durante todo el d\u00eda. Fechas adicionales para el Amanecer en las Cataratas: Una de las experiencias m\u00e1s emocionantes del parque, el Amanecer en las Cataratas, tendr\u00e1 fechas adicionales los viernes 18 y 25 de julio, adem\u00e1s de los jueves y s\u00e1bados habituales. Los visitantes podr\u00e1n disfrutar del espect\u00e1culo de los primeros rayos de sol iluminando las cataratas, seguido de un desayuno especial en medio del paisaje natural. Las plazas son limitadas y deben reservarse con antelaci\u00f3n.<\/p>\n<p>Nueva ciclov\u00eda y alquiler de bicicletas: Otra gran novedad es la nueva ciclov\u00eda de 11,6 km, que conecta el Centro de Visitantes con el inicio del Sendero de las Cataratas. Puede recorrer la ruta con su propia bicicleta o utilizar el servicio de alquiler de Bike Igua\u00e7u, con opciones tanto convencionales como el\u00e9ctricas. La ciclov\u00eda es una alternativa segura y sostenible para explorar el parque, adem\u00e1s de conectar con otros senderos aptos para ciclistas, como el Sendero de Po\u00e7o Preto, el Sendero de las Bananeiras y el Sendero de Canaf\u00edstula. Circuito S\u00e3o Jo\u00e3o: Ba\u00f1os en Cascadas e Historia \u2013 El recientemente inaugurado Circuito S\u00e3o Jo\u00e3o es ideal para quienes buscan aventura e inmersi\u00f3n en la naturaleza. El sendero de 1,9 km ofrece zonas para nadar en r\u00edos y cascadas, adem\u00e1s de revivir el recuerdo de la antigua central hidroel\u00e9ctrica de S\u00e3o Jo\u00e3o. El acceso est\u00e1 incluido en la entrada regular del parque, sin necesidad de reserva previa.<\/p>\n<p>C\u00e9u das Cataratas: Un Viaje a Trav\u00e9s de las Estrellas \u2013 Otra nueva experiencia que debuta esta temporada es C\u00e9u das Cataratas, que tendr\u00e1 su primera sesi\u00f3n el s\u00e1bado 12 de julio. El recorrido ofrece observaci\u00f3n del cielo nocturno en un \u00e1rea libre de contaminaci\u00f3n lum\u00ednica, con mantas, tumbonas y gu\u00eda astron\u00f3mica para explorar los misterios del universo en uno de los escenarios m\u00e1s impresionantes del planeta. Las plazas son limitadas y se pueden reservar con antelaci\u00f3n en la p\u00e1gina web oficial.<\/p>\n<p>Mercado del Parque Nacional Iguaz\u00fa \u2013 Para quienes visiten el parque el s\u00e1bado 12 de julio, recomendamos el Mercado del Parque, que reunir\u00e1 a artesanos y productores locales en el Centro de Visitantes de 9:00 a 16:00 h. Es una excelente oportunidad para experimentar la cultura y los sabores de la regi\u00f3n.<\/p>\n<p>Entradas e informaci\u00f3n importante \u2013 Es necesario comprar entradas con antelaci\u00f3n, exclusivamente a trav\u00e9s del sitio web oficial: www.cataratasdoiguacu.com.br. Simplemente elija el d\u00eda y la hora de su visita. Las experiencias especiales, como el Amanecer, el Cielo de las Cataratas y el tour al atardecer, tienen cupo limitado y tambi\u00e9n deben comprarse con antelaci\u00f3n.<\/p>\n<p>Descuento para residentes \u2013 Los residentes de los municipios aleda\u00f1os al Parque Nacional Iguaz\u00fa tienen acceso al Pase Comunitario, que garantiza descuentos en la entrada y experiencias especiales. Simplemente presente un comprobante de domicilio y una identificaci\u00f3n con foto.<\/p>\n<p>Servicio<br \/>\nVacaciones de julio en el Parque Nacional Iguaz\u00fa<br \/>\nCu\u00e1ndo: Del 12 al 27 de julio. Horario: de 8:00 a 16:00 h.<br \/>\nFechas adicionales para ver el Amanecer en las Cataratas: 18 y 25 de julio. Plazas limitadas.<br \/>\nBike Igua\u00e7u: todos los d\u00edas, respetando el horario de apertura del parque.<br \/>\nCircuito S\u00e3o Jo\u00e3o: todos los d\u00edas, de 8:00 a 15:30 h.<br \/>\nCeijo das Cataratas: todos los s\u00e1bados, a partir de las 18:30 h.<br \/>\nMercado del Parque: 12 de julio, de 8:00 a 16:00 h.<\/p>\n<p>M\u00e1s informaci\u00f3n www.cataratasdoiguacu.com.br<\/p>\n<p>&nbsp;<\/p>\n","protected":false},"excerpt":{"rendered":"<p>Un nuevo sendero, la posibilidad de nadar en cascadas, una ciclov\u00eda y la observaci\u00f3n del<\/p>\n","protected":false},"author":1,"featured_media":52159,"comment_status":"closed","ping_status":"open","sticky":false,"template":"","format":"standard","meta":{"footnotes":""},"categories":[1,226],"tags":[],"class_list":["post-52158","post","type-post","status-publish","format-standard","has-post-thumbnail","hentry","category-actualidad","category-locales"],"_links":{"self":[{"href":"https:\/\/actualizateiguazu.com\/v3\/wp-json\/wp\/v2\/posts\/52158","targetHints":{"allow":["GET"]}}],"collection":[{"href":"https:\/\/actualizateiguazu.com\/v3\/wp-json\/wp\/v2\/posts"}],"about":[{"href":"https:\/\/actualizateiguazu.com\/v3\/wp-json\/wp\/v2\/types\/post"}],"author":[{"embeddable":true,"href":"https:\/\/actualizateiguazu.com\/v3\/wp-json\/wp\/v2\/users\/1"}],"replies":[{"embeddable":true,"href":"https:\/\/actualizateiguazu.com\/v3\/wp-json\/wp\/v2\/comments?post=52158"}],"version-history":[{"count":1,"href":"https:\/\/actualizateiguazu.com\/v3\/wp-json\/wp\/v2\/posts\/52158\/revisions"}],"predecessor-version":[{"id":52160,"href":"https:\/\/actualizateiguazu.com\/v3\/wp-json\/wp\/v2\/posts\/52158\/revisions\/52160"}],"wp:featuredmedia":[{"embeddable":true,"href":"https:\/\/actualizateiguazu.com\/v3\/wp-json\/wp\/v2\/media\/52159"}],"wp:attachment":[{"href":"https:\/\/actualizateiguazu.com\/v3\/wp-json\/wp\/v2\/media?parent=52158"}],"wp:term":[{"taxonomy":"category","embeddable":true,"href":"https:\/\/actualizateiguazu.com\/v3\/wp-json\/wp\/v2\/categories?post=52158"},{"taxonomy":"post_tag","embeddable":true,"href":"https:\/\/actualizateiguazu.com\/v3\/wp-json\/wp\/v2\/tags?post=52158"}],"curies":[{"name":"wp","href":"https:\/\/api.w.org\/{rel}","templated":true}]}}