{"id":52191,"date":"2025-07-11T21:59:12","date_gmt":"2025-07-12T00:59:12","guid":{"rendered":"https:\/\/actualizateiguazu.com\/v3\/?p=52191"},"modified":"2025-07-11T21:59:12","modified_gmt":"2025-07-12T00:59:12","slug":"en-los-ultimos-dias-se-incremento-el-porcentaje-de-reservas-en-iguazu","status":"publish","type":"post","link":"https:\/\/actualizateiguazu.com\/v3\/2025\/07\/11\/en-los-ultimos-dias-se-incremento-el-porcentaje-de-reservas-en-iguazu\/","title":{"rendered":"En los \u00faltimos d\u00edas se increment\u00f3 el porcentaje de reservas en Iguaz\u00fa"},"content":{"rendered":"<p>La tierra de las Cataratas arranca el receso invernal con un 70% de ocupaci\u00f3n Hotelera, muchos operadores indicaron que la primera semana del receso la ocupaci\u00f3n es bastante pero se incrementa considerablemente desde el 18 de julio.<\/p>\n<p>Comienza el receso invernal y crecen las expectativas de los operadores tur\u00edsticas ante la llegada de turistas, muchos reconocieron que aun esta bastante flojo el movimiento, en tanto otros se sorprendieron por el incremento en las reservas en las ultimas 48 horas. En promedio hasta el mediod\u00eda del viernes el promedio de reservas rondaba el 70 por ciento, siendo los hoteles de mayor categor\u00eda con un menor porcentaje.<\/p>\n<p>Al respecto Silvia Mart\u00ednez de Central de reservas explico \u201cEn el sector de caba\u00f1as y aparts, de los que manejamos, estamos al 90%, las reservas comenzaron hace dos d\u00edas. A principio de semana manej\u00e1bamos muy pocas reservas. Lo bueno es que se mantiene en ese nivel hasta el 28 de julio\u201d<\/p>\n<p><img loading=\"lazy\" decoding=\"async\" class=\"alignnone size-full wp-image-52192\" src=\"https:\/\/actualizateiguazu.com\/v3\/wp-content\/uploads\/2025\/07\/IMG_20230211_075530419-scaled.jpg\" alt=\"\" width=\"2560\" height=\"1440\" srcset=\"https:\/\/actualizateiguazu.com\/v3\/wp-content\/uploads\/2025\/07\/IMG_20230211_075530419-scaled.jpg 2560w, https:\/\/actualizateiguazu.com\/v3\/wp-content\/uploads\/2025\/07\/IMG_20230211_075530419-300x169.jpg 300w, https:\/\/actualizateiguazu.com\/v3\/wp-content\/uploads\/2025\/07\/IMG_20230211_075530419-1024x576.jpg 1024w, https:\/\/actualizateiguazu.com\/v3\/wp-content\/uploads\/2025\/07\/IMG_20230211_075530419-768x432.jpg 768w, https:\/\/actualizateiguazu.com\/v3\/wp-content\/uploads\/2025\/07\/IMG_20230211_075530419-1536x864.jpg 1536w, https:\/\/actualizateiguazu.com\/v3\/wp-content\/uploads\/2025\/07\/IMG_20230211_075530419-2048x1152.jpg 2048w, https:\/\/actualizateiguazu.com\/v3\/wp-content\/uploads\/2025\/07\/IMG_20230211_075530419-800x450.jpg 800w\" sizes=\"auto, (max-width: 2560px) 100vw, 2560px\" \/><\/p>\n<p>Si bien algunos segmentos lograron remontar las reservas otros se mantienen en un 60 por ciento, como los alojamientos de mayor categor\u00eda, algunos ubicados en las 600 Hect\u00e1reas alcanzan un buen porcentaje mientras otros esperan el repunte con el pasar de los d\u00edas.<\/p>\n<p>En el caso de las caba\u00f1as, para este fin de semana el nivel de ocupaci\u00f3n es bajo y se extiende hasta el dia 18 donde alcanzan en 90 por ciento. \u201ceste fin de semana tenemos un 90%, el lunes baja a 20% y despu\u00e9s del 18 si volvemos a registrar buena ocupaci\u00f3n. Me preocupa mucho la primera semana\u201d remarc\u00f3 una empresaria. Por su parte Omar Masulo indico \u201cesta semana estamos al 20, la pr\u00f3xima recibo un grupo y se llenan las caba\u00f1as. La primera semana viene floja\u201d<\/p>\n<p>La ocupaci\u00f3n hotelera es bastante dispar y se nota, es por el ello que el promedio de ocupaci\u00f3n es relativamente bajo \u201cnosotros estamos al 40% con muchas consultas si, pero no concretan las reservas. Es bajo por el momento\u201d explico Pamela Mart\u00ednez gerente de un complejo de aparts.<\/p>\n<p>El destino Iguaz\u00fa se prepar\u00f3 para recibir al turista y aun quedan plazas hoteleras para la primera semana, no obstante para la segunda semana del receso invernal las disponibilidad se reduce considerablemente, es por ello que recomiendan realizar las reservas previas.<\/p>\n<p>&nbsp;<\/p>\n<p>&nbsp;<\/p>\n<p>&nbsp;<\/p>\n<p>&nbsp;<\/p>\n<p>&nbsp;<\/p>\n","protected":false},"excerpt":{"rendered":"<p>La tierra de las Cataratas arranca el receso invernal con un 70% de ocupaci\u00f3n Hotelera,<\/p>\n","protected":false},"author":1,"featured_media":52194,"comment_status":"closed","ping_status":"open","sticky":false,"template":"","format":"standard","meta":{"footnotes":""},"categories":[1,226,234],"tags":[],"class_list":["post-52191","post","type-post","status-publish","format-standard","has-post-thumbnail","hentry","category-actualidad","category-locales","category-turismo"],"_links":{"self":[{"href":"https:\/\/actualizateiguazu.com\/v3\/wp-json\/wp\/v2\/posts\/52191","targetHints":{"allow":["GET"]}}],"collection":[{"href":"https:\/\/actualizateiguazu.com\/v3\/wp-json\/wp\/v2\/posts"}],"about":[{"href":"https:\/\/actualizateiguazu.com\/v3\/wp-json\/wp\/v2\/types\/post"}],"author":[{"embeddable":true,"href":"https:\/\/actualizateiguazu.com\/v3\/wp-json\/wp\/v2\/users\/1"}],"replies":[{"embeddable":true,"href":"https:\/\/actualizateiguazu.com\/v3\/wp-json\/wp\/v2\/comments?post=52191"}],"version-history":[{"count":1,"href":"https:\/\/actualizateiguazu.com\/v3\/wp-json\/wp\/v2\/posts\/52191\/revisions"}],"predecessor-version":[{"id":52196,"href":"https:\/\/actualizateiguazu.com\/v3\/wp-json\/wp\/v2\/posts\/52191\/revisions\/52196"}],"wp:featuredmedia":[{"embeddable":true,"href":"https:\/\/actualizateiguazu.com\/v3\/wp-json\/wp\/v2\/media\/52194"}],"wp:attachment":[{"href":"https:\/\/actualizateiguazu.com\/v3\/wp-json\/wp\/v2\/media?parent=52191"}],"wp:term":[{"taxonomy":"category","embeddable":true,"href":"https:\/\/actualizateiguazu.com\/v3\/wp-json\/wp\/v2\/categories?post=52191"},{"taxonomy":"post_tag","embeddable":true,"href":"https:\/\/actualizateiguazu.com\/v3\/wp-json\/wp\/v2\/tags?post=52191"}],"curies":[{"name":"wp","href":"https:\/\/api.w.org\/{rel}","templated":true}]}}