{"id":52248,"date":"2025-07-15T11:28:19","date_gmt":"2025-07-15T14:28:19","guid":{"rendered":"https:\/\/actualizateiguazu.com\/v3\/?p=52248"},"modified":"2025-07-15T11:28:19","modified_gmt":"2025-07-15T14:28:19","slug":"en-7-dias-estaria-funcionando-el-juzgado-federal-en-iguazu","status":"publish","type":"post","link":"https:\/\/actualizateiguazu.com\/v3\/2025\/07\/15\/en-7-dias-estaria-funcionando-el-juzgado-federal-en-iguazu\/","title":{"rendered":"En 7 d\u00edas estar\u00eda funcionando el juzgado Federal en Iguaz\u00fa"},"content":{"rendered":"<p>Seg\u00fan indica la acordada emitida por la Corte Suprema de Justicia de la Naci\u00f3n, el Juzgado Federal de Primera instancia, est\u00e1 habilitado para funcionar. El documento decreto feria judicial de 7 d\u00edas para ultimar los detalles y abrir las puertas.<\/p>\n<p>El lunes 14 de julio La Corte Suprema de Justicia emiti\u00f3 la acordada 19\/2025 correspondiente al expediente 3746\/2025 que dispuso la habilitaci\u00f3n del Juzgado Federal de Primera instancia en Puerto Iguaz\u00fa. El mismo documento dictamina una feria judicial de 7 d\u00edas para que se tomen los juramentos del juez, defensor y al fiscal, una vez culminadas las diligencias ya estar\u00eda funcionando. Dicho Juzgado llega para alivianar el trabajo del Juzgado Federal de Eldorado que ten\u00eda jurisdicci\u00f3n en todo el norte misionero.<\/p>\n<p>Cabe destacar que el Juzgado Federal de Primera Instancia con asiento en la ciudad de Puerto Iguaz\u00fa, provincia de Misiones fue creado por la ley 26.711, sancionada el 30 de noviembre de 2011, esta dependencia fue instituida con el objetivo de fortalecer la justicia en la regi\u00f3n de frontera, especialmente en la lucha contra el narcotr\u00e1fico.<\/p>\n<p><img loading=\"lazy\" decoding=\"async\" class=\"alignnone size-full wp-image-52250\" src=\"https:\/\/actualizateiguazu.com\/v3\/wp-content\/uploads\/2025\/07\/IMG_20250630_141849-scaled.jpg\" alt=\"\" width=\"2560\" height=\"1928\" srcset=\"https:\/\/actualizateiguazu.com\/v3\/wp-content\/uploads\/2025\/07\/IMG_20250630_141849-scaled.jpg 2560w, https:\/\/actualizateiguazu.com\/v3\/wp-content\/uploads\/2025\/07\/IMG_20250630_141849-300x226.jpg 300w, https:\/\/actualizateiguazu.com\/v3\/wp-content\/uploads\/2025\/07\/IMG_20250630_141849-1024x771.jpg 1024w, https:\/\/actualizateiguazu.com\/v3\/wp-content\/uploads\/2025\/07\/IMG_20250630_141849-768x578.jpg 768w, https:\/\/actualizateiguazu.com\/v3\/wp-content\/uploads\/2025\/07\/IMG_20250630_141849-1536x1157.jpg 1536w, https:\/\/actualizateiguazu.com\/v3\/wp-content\/uploads\/2025\/07\/IMG_20250630_141849-2048x1542.jpg 2048w\" sizes=\"auto, (max-width: 2560px) 100vw, 2560px\" \/><\/p>\n<p>El juzgado cuenta con dos secretar\u00edas: una con competencia criminal y otra con competencia en diversas \u00e1reas como civil, comercial, contencioso administrativo, laboral, seguridad social, tributaria y ejecuciones fiscales, adem\u00e1s de otras cuestiones federales (excepto electoral). La ley tambi\u00e9n contempla la creaci\u00f3n de cargos para magistrados, funcionarios y empleados del Poder Judicial y del Ministerio P\u00fablico.<\/p>\n<p>Hace casi dos a\u00f1os mediante el decreto 643\/2023 fue designado como magistrado titular del referido tribunal el doctor Marcelo Alejandro Cardozo quien deber\u00e1 prestar juramento en los pr\u00f3ximos d\u00edas ante la C\u00e1mara Federal de Apelaciones de Posadas. Tambi\u00e9n el fiscal y el defensor har\u00e1n lo propio.<\/p>\n<p>La acordada remarca que, seg\u00fan los informes de la Divisi\u00f3n Programaci\u00f3n Presupuestaria, de la Direcci\u00f3n General de Infraestructura Judicial y de la Direcci\u00f3n General de Tecnolog\u00eda recabados por la Administraci\u00f3n General del Poder Judicial de la Naci\u00f3n en las actuaciones, surge que se encuentran previstas las partidas presupuestarias necesarias y se verifican las condiciones edilicias y tecnol\u00f3gicas que permiten poner en funcionamiento el mencionado \u00f3rgano judicial.<\/p>\n<p>Por ultimo el documento declara feriado judicial para el juzgado federal que por la presente se habilita por el t\u00e9rmino de 7 (siete) d\u00edas h\u00e1biles a fin de poder ultimar los \u00faltimos requerimientos para puesta en funcionamiento del organismo judicial.<\/p>\n","protected":false},"excerpt":{"rendered":"<p>Seg\u00fan indica la acordada emitida por la Corte Suprema de Justicia de la Naci\u00f3n, el<\/p>\n","protected":false},"author":1,"featured_media":52249,"comment_status":"closed","ping_status":"open","sticky":false,"template":"","format":"standard","meta":{"footnotes":""},"categories":[1,226],"tags":[],"class_list":["post-52248","post","type-post","status-publish","format-standard","has-post-thumbnail","hentry","category-actualidad","category-locales"],"_links":{"self":[{"href":"https:\/\/actualizateiguazu.com\/v3\/wp-json\/wp\/v2\/posts\/52248","targetHints":{"allow":["GET"]}}],"collection":[{"href":"https:\/\/actualizateiguazu.com\/v3\/wp-json\/wp\/v2\/posts"}],"about":[{"href":"https:\/\/actualizateiguazu.com\/v3\/wp-json\/wp\/v2\/types\/post"}],"author":[{"embeddable":true,"href":"https:\/\/actualizateiguazu.com\/v3\/wp-json\/wp\/v2\/users\/1"}],"replies":[{"embeddable":true,"href":"https:\/\/actualizateiguazu.com\/v3\/wp-json\/wp\/v2\/comments?post=52248"}],"version-history":[{"count":1,"href":"https:\/\/actualizateiguazu.com\/v3\/wp-json\/wp\/v2\/posts\/52248\/revisions"}],"predecessor-version":[{"id":52251,"href":"https:\/\/actualizateiguazu.com\/v3\/wp-json\/wp\/v2\/posts\/52248\/revisions\/52251"}],"wp:featuredmedia":[{"embeddable":true,"href":"https:\/\/actualizateiguazu.com\/v3\/wp-json\/wp\/v2\/media\/52249"}],"wp:attachment":[{"href":"https:\/\/actualizateiguazu.com\/v3\/wp-json\/wp\/v2\/media?parent=52248"}],"wp:term":[{"taxonomy":"category","embeddable":true,"href":"https:\/\/actualizateiguazu.com\/v3\/wp-json\/wp\/v2\/categories?post=52248"},{"taxonomy":"post_tag","embeddable":true,"href":"https:\/\/actualizateiguazu.com\/v3\/wp-json\/wp\/v2\/tags?post=52248"}],"curies":[{"name":"wp","href":"https:\/\/api.w.org\/{rel}","templated":true}]}}