{"id":52286,"date":"2025-07-17T16:31:21","date_gmt":"2025-07-17T19:31:21","guid":{"rendered":"https:\/\/actualizateiguazu.com\/v3\/?p=52286"},"modified":"2025-07-17T17:10:20","modified_gmt":"2025-07-17T20:10:20","slug":"tomaron-juramento-al-juez-federal-de-iguazu-marcelo-cardozo","status":"publish","type":"post","link":"https:\/\/actualizateiguazu.com\/v3\/2025\/07\/17\/tomaron-juramento-al-juez-federal-de-iguazu-marcelo-cardozo\/","title":{"rendered":"Tomaron Juramento al Juez Federal de Iguaz\u00fa Marcelo Cardozo"},"content":{"rendered":"<p>El juez ya puede tomar posesi\u00f3n de su cargo en el Juzgado Federal de Primera instancia en Puerto Iguaz\u00fa, dependencia judicial recientemente habilitado por la Corte Suprema de Justicia de la Naci\u00f3n.<\/p>\n<p>Esta ma\u00f1ana se realiz\u00f3 el acto de Juramento Juez Federal de Puerto Iguaz\u00fa quien tomara posesi\u00f3n de su puesto en los pr\u00f3ximos d\u00edas luego de haber sido designado hace casi dos a\u00f1os atr\u00e1s. Marcelo Cardozo se hizo presente en el sal\u00f3n de acuerdo de la C\u00e1mara federal de Apelaciones para prestar juramento.<\/p>\n<p>Tras la emisi\u00f3n de la acordada que habilita el funcionamiento del Juzgado federal de primera Instancia en Iguaz\u00fa comenzaron a ultimar los diligencias para cumplir con el documento que indica que en 7 d\u00edas la dependencia judicial debe estar cumpliendo funciones. Es por ello que el acto se llev\u00f3 a cabo este jueves 17 de julio a las 11:00 horas, en el Sal\u00f3n de Acuerdo de la C\u00e1mara Federal de Apelaciones de Posadas la toma de juramento a Marcelo Cardozo flamante juez de la mencionada dependencia.<\/p>\n<p>Estuvieron presentes autoridades del Poder Ejecutivo y Legislativo provincial y nacional y Magistrados y funcionarios provinciales y nacionales. Asimismo Rosanna P\u00eda Venchiarutti Sartori, presidente del Superior Tribunal de Justicia y el Procurador General, Carlos Gim\u00e9nez, asistieron al acto de juramento como Juez Federal de Puerto Iguaz\u00fa, Marcelo Alejandro Cardozo.<\/p>\n","protected":false},"excerpt":{"rendered":"<p>El juez ya puede tomar posesi\u00f3n de su cargo en el Juzgado Federal de Primera<\/p>\n","protected":false},"author":1,"featured_media":52287,"comment_status":"closed","ping_status":"open","sticky":false,"template":"","format":"standard","meta":{"footnotes":""},"categories":[1,226],"tags":[],"class_list":["post-52286","post","type-post","status-publish","format-standard","has-post-thumbnail","hentry","category-actualidad","category-locales"],"_links":{"self":[{"href":"https:\/\/actualizateiguazu.com\/v3\/wp-json\/wp\/v2\/posts\/52286","targetHints":{"allow":["GET"]}}],"collection":[{"href":"https:\/\/actualizateiguazu.com\/v3\/wp-json\/wp\/v2\/posts"}],"about":[{"href":"https:\/\/actualizateiguazu.com\/v3\/wp-json\/wp\/v2\/types\/post"}],"author":[{"embeddable":true,"href":"https:\/\/actualizateiguazu.com\/v3\/wp-json\/wp\/v2\/users\/1"}],"replies":[{"embeddable":true,"href":"https:\/\/actualizateiguazu.com\/v3\/wp-json\/wp\/v2\/comments?post=52286"}],"version-history":[{"count":1,"href":"https:\/\/actualizateiguazu.com\/v3\/wp-json\/wp\/v2\/posts\/52286\/revisions"}],"predecessor-version":[{"id":52288,"href":"https:\/\/actualizateiguazu.com\/v3\/wp-json\/wp\/v2\/posts\/52286\/revisions\/52288"}],"wp:featuredmedia":[{"embeddable":true,"href":"https:\/\/actualizateiguazu.com\/v3\/wp-json\/wp\/v2\/media\/52287"}],"wp:attachment":[{"href":"https:\/\/actualizateiguazu.com\/v3\/wp-json\/wp\/v2\/media?parent=52286"}],"wp:term":[{"taxonomy":"category","embeddable":true,"href":"https:\/\/actualizateiguazu.com\/v3\/wp-json\/wp\/v2\/categories?post=52286"},{"taxonomy":"post_tag","embeddable":true,"href":"https:\/\/actualizateiguazu.com\/v3\/wp-json\/wp\/v2\/tags?post=52286"}],"curies":[{"name":"wp","href":"https:\/\/api.w.org\/{rel}","templated":true}]}}