{"id":52301,"date":"2025-07-20T10:51:43","date_gmt":"2025-07-20T13:51:43","guid":{"rendered":"https:\/\/actualizateiguazu.com\/v3\/?p=52301"},"modified":"2025-07-20T10:51:43","modified_gmt":"2025-07-20T13:51:43","slug":"retiro-espiritual-en-puerto-iguazu-una-experiencia-de-transformacion-guiada-por-liz-solari","status":"publish","type":"post","link":"https:\/\/actualizateiguazu.com\/v3\/2025\/07\/20\/retiro-espiritual-en-puerto-iguazu-una-experiencia-de-transformacion-guiada-por-liz-solari\/","title":{"rendered":"Retiro espiritual en Puerto Iguaz\u00fa: una experiencia de transformaci\u00f3n guiada por Liz Solari"},"content":{"rendered":"<p style=\"font-weight: 400;\">Del 7 al 10 de agosto, en plena selva misionera, se vivir\u00e1 un encuentro \u00edntimo con el ser interior, mediante pr\u00e1cticas de meditaci\u00f3n, yoga, caminatas conscientes y conexi\u00f3n profunda con la naturaleza.<\/p>\n<p style=\"font-weight: 400;\">\n<p style=\"font-weight: 400;\">Misiones ser\u00e1 el escenario de un retiro espiritual \u00fanico, guiado por Liz Solari, que tendr\u00e1 lugar del 7 al 10 de agosto en Selva Iguaz\u00fa, un glamping ubicado en plena selva de Puerto Iguaz\u00fa. La propuesta, que conjuga bienestar, introspecci\u00f3n y turismo de naturaleza, invita a los participantes a una inmersi\u00f3n transformadora de tres noches para reconectar con su esencia m\u00e1s profunda.<\/p>\n<p style=\"font-weight: 400;\">Durante el retiro, se desarrollar\u00e1n pr\u00e1cticas de meditaci\u00f3n, yoga, t\u00e9cnicas de respiraci\u00f3n consciente, c\u00edrculos de sabidur\u00eda y caminatas guiadas por el entorno natural.<\/p>\n<p style=\"font-weight: 400;\">\u201cEl objetivo es silenciar y celebrar el ser, para escuchar y responder el llamado del alma\u201d, se\u00f1alan desde la organizaci\u00f3n, liderada por Liz, quien cuenta con m\u00e1s de 25 a\u00f1os de trayectoria art\u00edstica y 15 de camino espiritual, centrado en la meditaci\u00f3n, la vida en armon\u00eda y el servicio consciente. Adem\u00e1s, estar\u00e1 acompa\u00f1ada de Ananda, instructora de Yoga Kundalini y Chakra, en las pr\u00e1cticas dise\u00f1adas para armonizar cuerpo, mente y esp\u00edritu.<\/p>\n<p style=\"font-weight: 400;\">El entorno de la selva misionera, potencia la experiencia del retiro, al ofrecer una atm\u00f3sfera ideal para el descanso, la introspecci\u00f3n y el despertar interior.<\/p>\n<p style=\"font-weight: 400;\">Esta propuesta se alinea con el creciente inter\u00e9s en el turismo de bienestar consciente, atrayendo a un p\u00fablico espec\u00edfico de diferentes provincias y pa\u00edses, que busca experiencias de transformaci\u00f3n.<\/p>\n<p style=\"font-weight: 400;\">Este segmento se refleja en la ocupaci\u00f3n de alojamientos que se encuentran inmersos en un entorno natural, que propician espacios de silencio y de interacci\u00f3n con el monte, fortaleciendo toda la cadena tur\u00edstica productiva, integrada por actores tanto del sector p\u00fablico como del privado.<\/p>\n<p style=\"font-weight: 400;\">La elecci\u00f3n de Misiones como sede de este retiro no es casualidad, ya que la provincia se viene posicionando como territorio de bienestar para quienes buscan conectar con la naturaleza y disfrutar de un viaje con prop\u00f3sito.<\/p>\n<p style=\"font-weight: 400;\">Quienes deseen participar o conocer m\u00e1s sobre esta experiencia, pueden solicitar informaci\u00f3n al +54 9 341 3669466 o escribir a\u00a0<a href=\"mailto:inicioespiritual@gmail.com\">inicioespiritual@gmail.com<\/a>.<\/p>\n","protected":false},"excerpt":{"rendered":"<p>Del 7 al 10 de agosto, en plena selva misionera, se vivir\u00e1 un encuentro \u00edntimo<\/p>\n","protected":false},"author":1,"featured_media":52302,"comment_status":"closed","ping_status":"open","sticky":false,"template":"","format":"standard","meta":{"footnotes":""},"categories":[1,226],"tags":[],"class_list":["post-52301","post","type-post","status-publish","format-standard","has-post-thumbnail","hentry","category-actualidad","category-locales"],"_links":{"self":[{"href":"https:\/\/actualizateiguazu.com\/v3\/wp-json\/wp\/v2\/posts\/52301","targetHints":{"allow":["GET"]}}],"collection":[{"href":"https:\/\/actualizateiguazu.com\/v3\/wp-json\/wp\/v2\/posts"}],"about":[{"href":"https:\/\/actualizateiguazu.com\/v3\/wp-json\/wp\/v2\/types\/post"}],"author":[{"embeddable":true,"href":"https:\/\/actualizateiguazu.com\/v3\/wp-json\/wp\/v2\/users\/1"}],"replies":[{"embeddable":true,"href":"https:\/\/actualizateiguazu.com\/v3\/wp-json\/wp\/v2\/comments?post=52301"}],"version-history":[{"count":1,"href":"https:\/\/actualizateiguazu.com\/v3\/wp-json\/wp\/v2\/posts\/52301\/revisions"}],"predecessor-version":[{"id":52303,"href":"https:\/\/actualizateiguazu.com\/v3\/wp-json\/wp\/v2\/posts\/52301\/revisions\/52303"}],"wp:featuredmedia":[{"embeddable":true,"href":"https:\/\/actualizateiguazu.com\/v3\/wp-json\/wp\/v2\/media\/52302"}],"wp:attachment":[{"href":"https:\/\/actualizateiguazu.com\/v3\/wp-json\/wp\/v2\/media?parent=52301"}],"wp:term":[{"taxonomy":"category","embeddable":true,"href":"https:\/\/actualizateiguazu.com\/v3\/wp-json\/wp\/v2\/categories?post=52301"},{"taxonomy":"post_tag","embeddable":true,"href":"https:\/\/actualizateiguazu.com\/v3\/wp-json\/wp\/v2\/tags?post=52301"}],"curies":[{"name":"wp","href":"https:\/\/api.w.org\/{rel}","templated":true}]}}