{"id":52377,"date":"2025-07-25T10:13:50","date_gmt":"2025-07-25T13:13:50","guid":{"rendered":"https:\/\/actualizateiguazu.com\/v3\/?p=52377"},"modified":"2025-07-25T10:13:50","modified_gmt":"2025-07-25T13:13:50","slug":"tres-ebrios-terminaron-tras-las-rejas-por-provocar-disturbios-en-wanda","status":"publish","type":"post","link":"https:\/\/actualizateiguazu.com\/v3\/2025\/07\/25\/tres-ebrios-terminaron-tras-las-rejas-por-provocar-disturbios-en-wanda\/","title":{"rendered":"Tres ebrios terminaron tras las rejas por provocar disturbios en Wanda"},"content":{"rendered":"<p>Fue ayer al mediod\u00eda, agentes de la Divisi\u00f3n Comando Radioel\u00e9ctrico de Wanda, detuvieron a tres hombres de entre 33 y 49 a\u00f1os, quienes se encontraban ocasionando disturbios en la v\u00eda p\u00fablica bajo los efectos del alcohol.<\/p>\n<p>El operativo tuvo lugar este mediod\u00eda, cuando efectivos policiales tomaron conocimiento de que en la Terminal de Omnibus de la ciudad de Wanda, tres sujetos que se encontrar\u00edan en estado de ebriedad estar\u00edan ocasionando desorden en inmediaciones del establecimiento molestando a los transe\u00fantes.<\/p>\n<p>Tras el arribo policial, se concret\u00f3 el arresto de los tres sospechosos, como as\u00ed tambi\u00e9n el secuestro de dos motocicletas marca Keller con las cuales se trasladaban.<\/p>\n<p>Finalmente, los detenidos y los veh\u00edculos secuestrados fueron trasladados y depositados en la Comisar\u00eda Jurisdiccional, quedando a disposici\u00f3n de la Justicia.<\/p>\n","protected":false},"excerpt":{"rendered":"<p>Fue ayer al mediod\u00eda, agentes de la Divisi\u00f3n Comando Radioel\u00e9ctrico de Wanda, detuvieron a tres<\/p>\n","protected":false},"author":1,"featured_media":52378,"comment_status":"closed","ping_status":"open","sticky":false,"template":"","format":"standard","meta":{"footnotes":""},"categories":[1,228],"tags":[],"class_list":["post-52377","post","type-post","status-publish","format-standard","has-post-thumbnail","hentry","category-actualidad","category-policiales"],"_links":{"self":[{"href":"https:\/\/actualizateiguazu.com\/v3\/wp-json\/wp\/v2\/posts\/52377","targetHints":{"allow":["GET"]}}],"collection":[{"href":"https:\/\/actualizateiguazu.com\/v3\/wp-json\/wp\/v2\/posts"}],"about":[{"href":"https:\/\/actualizateiguazu.com\/v3\/wp-json\/wp\/v2\/types\/post"}],"author":[{"embeddable":true,"href":"https:\/\/actualizateiguazu.com\/v3\/wp-json\/wp\/v2\/users\/1"}],"replies":[{"embeddable":true,"href":"https:\/\/actualizateiguazu.com\/v3\/wp-json\/wp\/v2\/comments?post=52377"}],"version-history":[{"count":1,"href":"https:\/\/actualizateiguazu.com\/v3\/wp-json\/wp\/v2\/posts\/52377\/revisions"}],"predecessor-version":[{"id":52379,"href":"https:\/\/actualizateiguazu.com\/v3\/wp-json\/wp\/v2\/posts\/52377\/revisions\/52379"}],"wp:featuredmedia":[{"embeddable":true,"href":"https:\/\/actualizateiguazu.com\/v3\/wp-json\/wp\/v2\/media\/52378"}],"wp:attachment":[{"href":"https:\/\/actualizateiguazu.com\/v3\/wp-json\/wp\/v2\/media?parent=52377"}],"wp:term":[{"taxonomy":"category","embeddable":true,"href":"https:\/\/actualizateiguazu.com\/v3\/wp-json\/wp\/v2\/categories?post=52377"},{"taxonomy":"post_tag","embeddable":true,"href":"https:\/\/actualizateiguazu.com\/v3\/wp-json\/wp\/v2\/tags?post=52377"}],"curies":[{"name":"wp","href":"https:\/\/api.w.org\/{rel}","templated":true}]}}