{"id":52459,"date":"2025-07-31T19:43:16","date_gmt":"2025-07-31T22:43:16","guid":{"rendered":"https:\/\/actualizateiguazu.com\/v3\/?p=52459"},"modified":"2025-07-31T19:43:16","modified_gmt":"2025-07-31T22:43:16","slug":"clientes-del-banco-de-corrientes-tendran-20-de-descuento-y-3-cuotas-sin-interes-en-obras-del-teatro-vera","status":"publish","type":"post","link":"https:\/\/actualizateiguazu.com\/v3\/2025\/07\/31\/clientes-del-banco-de-corrientes-tendran-20-de-descuento-y-3-cuotas-sin-interes-en-obras-del-teatro-vera\/","title":{"rendered":"Clientes del Banco de Corrientes tendr\u00e1n 20% de descuento y 3 cuotas sin inter\u00e9s en obras del Teatro Vera"},"content":{"rendered":"<p>A partir de una alianza entre la entidad financiera correntina y el Teatro Oficial Juan de Vera, quienes posean tarjeta de cr\u00e9dito Visa del BanCo podr\u00e1n acceder a un beneficio exclusivo en la compra de entradas a todos los espect\u00e1culos organizados por el Teatro Juan de Vera, con 20% de descuento y hasta 3 cuotas sin inter\u00e9s con tarjetas de cr\u00e9dito VISA.<\/p>\n<p>El Banco de Corrientes acompa\u00f1a el renacer del Teatro Vera de la Ciudad de Corrientes a trav\u00e9s de una promoci\u00f3n especial y exclusiva para comprar tickets a cualquiera de los espect\u00e1culos que all\u00ed se realicen. La entidad ofrecer\u00e1 un 20% de descuento en la compra de entradas, con tope de reintegro de $20.000, y la posibilidad de abonar en 3 cuotas sin inter\u00e9s.<\/p>\n<p>Este beneficio podr\u00e1 ser utilizado con tarjetas de cr\u00e9dito VISA del BanCo. Los tickets a los distintos shows se pueden adquirir online a trav\u00e9s de www.weepas.ar.<\/p>\n<p><img loading=\"lazy\" decoding=\"async\" class=\"alignnone size-full wp-image-52461\" src=\"https:\/\/actualizateiguazu.com\/v3\/wp-content\/uploads\/2025\/07\/promo-teatro-vera-02-scaled.png\" alt=\"\" width=\"2048\" height=\"2560\" srcset=\"https:\/\/actualizateiguazu.com\/v3\/wp-content\/uploads\/2025\/07\/promo-teatro-vera-02-scaled.png 2048w, https:\/\/actualizateiguazu.com\/v3\/wp-content\/uploads\/2025\/07\/promo-teatro-vera-02-240x300.png 240w, https:\/\/actualizateiguazu.com\/v3\/wp-content\/uploads\/2025\/07\/promo-teatro-vera-02-819x1024.png 819w, https:\/\/actualizateiguazu.com\/v3\/wp-content\/uploads\/2025\/07\/promo-teatro-vera-02-768x960.png 768w, https:\/\/actualizateiguazu.com\/v3\/wp-content\/uploads\/2025\/07\/promo-teatro-vera-02-1229x1536.png 1229w, https:\/\/actualizateiguazu.com\/v3\/wp-content\/uploads\/2025\/07\/promo-teatro-vera-02-1638x2048.png 1638w\" sizes=\"auto, (max-width: 2048px) 100vw, 2048px\" \/><\/p>\n<p>AGOSTO EN EL VERA<\/p>\n<p>El reinaugurado coliseo correntino anunci\u00f3 recientemente la programaci\u00f3n de obras de teatro y conciertos del mes de agosto. Se trata de una agenda con una diversidad de propuestas para todo p\u00fablico que inicia el viernes 8 de agosto con la comedia musical Cal\u00edgula, de Pepe Cibri\u00e1n, el viernes 8 de agosto desde las 21.30 hs.<\/p>\n<p>Luego, el s\u00e1bado 9 de agosto, la m\u00fasica cl\u00e1sica, Los Beatles y un tributo al chamam\u00e9 llegan de la mano del \u201cMessi\u201d del piano, Horacio Lavandera, desde las 21.30 hs. Los fines de semana de agosto tendr\u00e1n lugar nuevos espect\u00e1culos. El s\u00e1bado 16 llega \u201cEnemigas \u00edntimas\u201d, obra de teatro protagonizada por Carmen Barbieri y Luisa Albinoni, desde las 21.30 hs; y el s\u00e1bado 23, Los Alonsitos celebran 40 a\u00f1os de trayectoria en la m\u00fasica, tambi\u00e9n desde las 21.30 horas.<\/p>\n<p>Finalmente, el domingo 24 de agosto, en dos funciones, a las 15 y a las 18 horas se realizar\u00e1 la obra de teatro infantil \u201cCantando con Adriana y bailando con Julieta\u201d. La venta de las entradas se realizar\u00e1 online mediante la ticketera Wee!pas, plataforma desarrollada por TelCo. Esta herramienta facilita una experiencia \u00e1gil, segura y c\u00f3moda para el p\u00fablico, permitiendo adquirir tickets desde cualquier dispositivo, sin necesidad de hacer filas.<\/p>\n","protected":false},"excerpt":{"rendered":"<p>A partir de una alianza entre la entidad financiera correntina y el Teatro Oficial Juan<\/p>\n","protected":false},"author":1,"featured_media":52460,"comment_status":"closed","ping_status":"open","sticky":false,"template":"","format":"standard","meta":{"footnotes":""},"categories":[1,227],"tags":[],"class_list":["post-52459","post","type-post","status-publish","format-standard","has-post-thumbnail","hentry","category-actualidad","category-nacionales"],"_links":{"self":[{"href":"https:\/\/actualizateiguazu.com\/v3\/wp-json\/wp\/v2\/posts\/52459","targetHints":{"allow":["GET"]}}],"collection":[{"href":"https:\/\/actualizateiguazu.com\/v3\/wp-json\/wp\/v2\/posts"}],"about":[{"href":"https:\/\/actualizateiguazu.com\/v3\/wp-json\/wp\/v2\/types\/post"}],"author":[{"embeddable":true,"href":"https:\/\/actualizateiguazu.com\/v3\/wp-json\/wp\/v2\/users\/1"}],"replies":[{"embeddable":true,"href":"https:\/\/actualizateiguazu.com\/v3\/wp-json\/wp\/v2\/comments?post=52459"}],"version-history":[{"count":2,"href":"https:\/\/actualizateiguazu.com\/v3\/wp-json\/wp\/v2\/posts\/52459\/revisions"}],"predecessor-version":[{"id":52463,"href":"https:\/\/actualizateiguazu.com\/v3\/wp-json\/wp\/v2\/posts\/52459\/revisions\/52463"}],"wp:featuredmedia":[{"embeddable":true,"href":"https:\/\/actualizateiguazu.com\/v3\/wp-json\/wp\/v2\/media\/52460"}],"wp:attachment":[{"href":"https:\/\/actualizateiguazu.com\/v3\/wp-json\/wp\/v2\/media?parent=52459"}],"wp:term":[{"taxonomy":"category","embeddable":true,"href":"https:\/\/actualizateiguazu.com\/v3\/wp-json\/wp\/v2\/categories?post=52459"},{"taxonomy":"post_tag","embeddable":true,"href":"https:\/\/actualizateiguazu.com\/v3\/wp-json\/wp\/v2\/tags?post=52459"}],"curies":[{"name":"wp","href":"https:\/\/api.w.org\/{rel}","templated":true}]}}