{"id":52469,"date":"2025-08-01T08:45:43","date_gmt":"2025-08-01T11:45:43","guid":{"rendered":"https:\/\/actualizateiguazu.com\/v3\/?p=52469"},"modified":"2025-08-01T08:45:43","modified_gmt":"2025-08-01T11:45:43","slug":"con-duros-cuestionamientos-dieron-por-tratado-el-memoria-y-balance-del-municipio-de-iguazu","status":"publish","type":"post","link":"https:\/\/actualizateiguazu.com\/v3\/2025\/08\/01\/con-duros-cuestionamientos-dieron-por-tratado-el-memoria-y-balance-del-municipio-de-iguazu\/","title":{"rendered":"Con duros cuestionamientos dieron por tratado el Memoria y Balance del Municipio de Iguaz\u00fa"},"content":{"rendered":"<p>Hace ya varios a\u00f1os desde el Concejo Deliberante decidieron Dar por Tratado el proyecto de resoluci\u00f3n y remitir el mismo al Tribunal de Cuentas de la provincia de Misiones tal como lo indica la Carta Org\u00e1nica. El proyecto fue aprobado por mayor\u00eda en sesi\u00f3n extraordinaria.<\/p>\n<p>En la ma\u00f1ana del jueves 31 de agosto el Honorable Concejo Deliberante trat\u00f3 en sesi\u00f3n extraordinaria el Proyecto de resoluci\u00f3n 81\/25 correspondiente a los expedientes 06\/25 y 07\/25 referente al tratamiento de la Memoria, Balance General, inventario y estados Contables de la Municipalidad de Puerto Iguaz\u00fa correspondiente al ejercicio 2024. El proyecto obtuvo duras criticas por parte del Bloque Cambiemos desde la presentaci\u00f3n del mismo fuera de termino, la falta de documentaci\u00f3n que lo respalde y la escueta informaci\u00f3n brindo a los ediles respecto a los gastos e inversiones. \u201cQueremos saber a donde va la plata del pueblo\u201d<\/p>\n<p>Si bien el proyecto de resoluci\u00f3n fue aprobado por mayor\u00eda, desde el bloque opositor volvieron a resaltar una serie de cuestiones que justificaban su voto negativo. En su alocuci\u00f3n el edil Alejandro Ver\u00f3n volvi\u00f3 a remarcar el incumplimiento por parte el municipio que tenia como fecha l\u00edmite la presentaci\u00f3n del proyecto al Concejo Deliberante el 31 de marzo, no obstante, ingres\u00f3 un pedido de prorroga que no fue tratado en el recinto.<\/p>\n<p>Remarco varios como la falta de cumplimiento del municipio que no present\u00f3 los expedientes de las obras publicas ejecutadas donde debe figurar datos como ser denominaci\u00f3n de la misma, fecha de inicio y finalizaci\u00f3n, empresa que la ejecuta y el monto de la misma. \u201cVoy a ser un poco reiterativo, pero queremos saber donde va la plata del pueblo. El que paga una tasa, el que paga su carnet quiere saber en que se invierte la plata del pueblo y nosotros no sabemos, nadie los sabe. El contador no nos supo decir si le debemos plata a EMSA o si ellos nos deben dinero del alumbrado p\u00fablico\u201d<\/p>\n<p><img loading=\"lazy\" decoding=\"async\" class=\"alignnone size-full wp-image-52471\" src=\"https:\/\/actualizateiguazu.com\/v3\/wp-content\/uploads\/2025\/08\/IMG_20250731_093952-scaled.jpg\" alt=\"\" width=\"2560\" height=\"1441\" srcset=\"https:\/\/actualizateiguazu.com\/v3\/wp-content\/uploads\/2025\/08\/IMG_20250731_093952-scaled.jpg 2560w, https:\/\/actualizateiguazu.com\/v3\/wp-content\/uploads\/2025\/08\/IMG_20250731_093952-300x169.jpg 300w, https:\/\/actualizateiguazu.com\/v3\/wp-content\/uploads\/2025\/08\/IMG_20250731_093952-1024x576.jpg 1024w, https:\/\/actualizateiguazu.com\/v3\/wp-content\/uploads\/2025\/08\/IMG_20250731_093952-768x432.jpg 768w, https:\/\/actualizateiguazu.com\/v3\/wp-content\/uploads\/2025\/08\/IMG_20250731_093952-1536x864.jpg 1536w, https:\/\/actualizateiguazu.com\/v3\/wp-content\/uploads\/2025\/08\/IMG_20250731_093952-2048x1153.jpg 2048w, https:\/\/actualizateiguazu.com\/v3\/wp-content\/uploads\/2025\/08\/IMG_20250731_093952-800x450.jpg 800w\" sizes=\"auto, (max-width: 2560px) 100vw, 2560px\" \/><\/p>\n<p>Y agreg\u00f3 \u201cel departamento municipal ten\u00eda la obligaci\u00f3n de enviar la memoria y balance hasta el 31 de marzo, meses despu\u00e9s env\u00eda una solicitud de prorroga que no fue tratada, es decir que no se autorizo ning\u00fan tipo de prorroga y meses posteriores se env\u00eda una fotocopia de la memoria balance que no es un estado contable. Nosotros hemos solicitado los comprobantes que respalden esta fotocopia, comprobantes que indiquen donde se gasta la guita del contribuyente\u201d<\/p>\n<p>Entre los planteos del bloque opositor se encuentran la falta de comprobantes, la falta de informaci\u00f3n respecto a las empresas que prestan servicio al municipio a la que hizo referencia con \u00e9nfasis \u201cno sabemos cu\u00e1les son los contratistas que se contratan, porque si nosotros le pegamos una ojeada de lo que pasa en el pueblo vamos a ver que hay gente en chinela haciendo obra p\u00fablica, que hay hermanos guaran\u00edes sin ning\u00fan tipo de elementos de seguridad. Me arriesgo a decir y me hago cargo, est\u00e1n casi en esclavitud, porque cuando le preguntamos cuando cobran, es miseria y quien le paga\u201d<\/p>\n<p>Fueron una serie de cuestionamientos que no fueron refutados en la sesi\u00f3n por el miembro informante, que en esta oportunidad fue el concejal Humberto Pereyra quien tomo esa figura, pero simplemente se limito a confirmar que el Ejecutivo no cumpli\u00f3 con los plazos, pero solicit\u00f3 una prorroga y que cumplieron con los pedidos del bloque opositor de reunirse con el contador y el equipo de obras p\u00fablicas.<\/p>\n<p>Por su parte el concejal Javier Bareiro aclaro las fechas respecto a la presentaci\u00f3n de proyecto de resoluci\u00f3n ratifico las fechas de presentaci\u00f3n y acoto que el dictamen del Tribunal de Cuentas correspondiente a la desaprobaci\u00f3n del balance 2023 esta en la Comisi\u00f3n que debe estar en el Concejo Deliberante. Cabe destacar que Ver\u00f3n reclam\u00f3 no tener acceso al mencionado dictamen.<\/p>\n<p>&nbsp;<\/p>\n<p>&nbsp;<\/p>\n","protected":false},"excerpt":{"rendered":"<p>Hace ya varios a\u00f1os desde el Concejo Deliberante decidieron Dar por Tratado el proyecto de<\/p>\n","protected":false},"author":1,"featured_media":52470,"comment_status":"closed","ping_status":"open","sticky":false,"template":"","format":"standard","meta":{"footnotes":""},"categories":[1,226,238],"tags":[],"class_list":["post-52469","post","type-post","status-publish","format-standard","has-post-thumbnail","hentry","category-actualidad","category-locales","category-politica"],"_links":{"self":[{"href":"https:\/\/actualizateiguazu.com\/v3\/wp-json\/wp\/v2\/posts\/52469","targetHints":{"allow":["GET"]}}],"collection":[{"href":"https:\/\/actualizateiguazu.com\/v3\/wp-json\/wp\/v2\/posts"}],"about":[{"href":"https:\/\/actualizateiguazu.com\/v3\/wp-json\/wp\/v2\/types\/post"}],"author":[{"embeddable":true,"href":"https:\/\/actualizateiguazu.com\/v3\/wp-json\/wp\/v2\/users\/1"}],"replies":[{"embeddable":true,"href":"https:\/\/actualizateiguazu.com\/v3\/wp-json\/wp\/v2\/comments?post=52469"}],"version-history":[{"count":1,"href":"https:\/\/actualizateiguazu.com\/v3\/wp-json\/wp\/v2\/posts\/52469\/revisions"}],"predecessor-version":[{"id":52472,"href":"https:\/\/actualizateiguazu.com\/v3\/wp-json\/wp\/v2\/posts\/52469\/revisions\/52472"}],"wp:featuredmedia":[{"embeddable":true,"href":"https:\/\/actualizateiguazu.com\/v3\/wp-json\/wp\/v2\/media\/52470"}],"wp:attachment":[{"href":"https:\/\/actualizateiguazu.com\/v3\/wp-json\/wp\/v2\/media?parent=52469"}],"wp:term":[{"taxonomy":"category","embeddable":true,"href":"https:\/\/actualizateiguazu.com\/v3\/wp-json\/wp\/v2\/categories?post=52469"},{"taxonomy":"post_tag","embeddable":true,"href":"https:\/\/actualizateiguazu.com\/v3\/wp-json\/wp\/v2\/tags?post=52469"}],"curies":[{"name":"wp","href":"https:\/\/api.w.org\/{rel}","templated":true}]}}