{"id":52487,"date":"2025-08-01T12:36:13","date_gmt":"2025-08-01T15:36:13","guid":{"rendered":"https:\/\/actualizateiguazu.com\/v3\/?p=52487"},"modified":"2025-08-01T12:36:13","modified_gmt":"2025-08-01T15:36:13","slug":"cataratas-recibio-un-9-mas-de-turistas-que-en-julio-del-2024","status":"publish","type":"post","link":"https:\/\/actualizateiguazu.com\/v3\/2025\/08\/01\/cataratas-recibio-un-9-mas-de-turistas-que-en-julio-del-2024\/","title":{"rendered":"Cataratas recibi\u00f3 un 9% m\u00e1s de turistas que en julio del 2024"},"content":{"rendered":"<p>El mes de julio cerro con 169.635 visitantes, seg\u00fan los datos estad\u00edsticos se registro un aumento de 9,27% en la cantidad de ingresos, pero permanece muy por debajo del registro del a\u00f1o 2023.<\/p>\n<p>El destino Iguaz\u00fa registr\u00f3 una buena temporada en promedio, los alojamientos de menor categor\u00eda lograron una muy buena ocupaci\u00f3n con picos del 90 por ciento, mientras que los alojamientos con servicios de excelencia notaron una baja en las reservas y en la ocupaci\u00f3n durante gran parte del mes. Seg\u00fan los datos proporcionados por el Parque Nacional Iguaz\u00fa desde el 1 de julio hasta el 31 inclusive 169.635 personas visitaron cataratas, en comparaci\u00f3n con el numero registrado el a\u00f1o pasado el incremento es de 9,27%.<\/p>\n<p>En lo que respecta a las nacionalidades de los turistas que visitaron cataratas durante el mes de julio, \u00a0predomin\u00f3 el turismo nacional de diferentes puntos del pa\u00eds, en segundo lugar se ubico el turismo extranjero y en tercer lugar los residentes brasile\u00f1os.<\/p>\n<p><img loading=\"lazy\" decoding=\"async\" class=\"alignnone size-full wp-image-52489\" src=\"https:\/\/actualizateiguazu.com\/v3\/wp-content\/uploads\/2025\/08\/IMG_20250713_155714-1-scaled.jpg\" alt=\"\" width=\"2560\" height=\"1928\" srcset=\"https:\/\/actualizateiguazu.com\/v3\/wp-content\/uploads\/2025\/08\/IMG_20250713_155714-1-scaled.jpg 2560w, https:\/\/actualizateiguazu.com\/v3\/wp-content\/uploads\/2025\/08\/IMG_20250713_155714-1-300x226.jpg 300w, https:\/\/actualizateiguazu.com\/v3\/wp-content\/uploads\/2025\/08\/IMG_20250713_155714-1-1024x771.jpg 1024w, https:\/\/actualizateiguazu.com\/v3\/wp-content\/uploads\/2025\/08\/IMG_20250713_155714-1-768x578.jpg 768w, https:\/\/actualizateiguazu.com\/v3\/wp-content\/uploads\/2025\/08\/IMG_20250713_155714-1-1536x1157.jpg 1536w, https:\/\/actualizateiguazu.com\/v3\/wp-content\/uploads\/2025\/08\/IMG_20250713_155714-1-2048x1542.jpg 2048w\" sizes=\"auto, (max-width: 2560px) 100vw, 2560px\" \/><\/p>\n<p>Desde el Iturem indicaron que a pesar de la coyuntura poco favorable, y en comparaci\u00f3n con otros destinos tur\u00edsticos que han tenido una menor afluencia, Iguaz\u00fa contin\u00faa trabajando con esfuerzo y compromiso para mantener y potenciar su oferta tur\u00edstica. La constante resiliencia y el trabajo conjunto entre el sector p\u00fablico y privado condiciona que esto se d\u00e9 as\u00ed, promoviendo un destino que realmente es \u00fanico y tiene mucho para ofrecer.<\/p>\n<p>En lo que respecta a la ocupaci\u00f3n hotelera, el promedio de ocupaci\u00f3n rondo el 65% por ciento seg\u00fan un relevamiento donde operadores expusieron su preocupaci\u00f3n por el bajo nivel de reservas para el mes de agosto ya que no alcanza el 40% en michos establecimientos y el hecho de no contar con un fin de semana largo que podr\u00eda aumentar de forma considerable las reservas el panorama no es alentador.<\/p>\n<p>Desde Central de Reservas Silvia Mart\u00ednez indico que la temporada fue favorable para los emprendimientos que mantuvieron las tarifas bajas de mayo y junio, pero aquellos que para la temporada subieron los precios se vieron muy perjudicados.<\/p>\n<p>&nbsp;<\/p>\n<p>&nbsp;<\/p>\n","protected":false},"excerpt":{"rendered":"<p>El mes de julio cerro con 169.635 visitantes, seg\u00fan los datos estad\u00edsticos se registro un<\/p>\n","protected":false},"author":1,"featured_media":52488,"comment_status":"closed","ping_status":"open","sticky":false,"template":"","format":"standard","meta":{"footnotes":""},"categories":[1,226,234],"tags":[],"class_list":["post-52487","post","type-post","status-publish","format-standard","has-post-thumbnail","hentry","category-actualidad","category-locales","category-turismo"],"_links":{"self":[{"href":"https:\/\/actualizateiguazu.com\/v3\/wp-json\/wp\/v2\/posts\/52487","targetHints":{"allow":["GET"]}}],"collection":[{"href":"https:\/\/actualizateiguazu.com\/v3\/wp-json\/wp\/v2\/posts"}],"about":[{"href":"https:\/\/actualizateiguazu.com\/v3\/wp-json\/wp\/v2\/types\/post"}],"author":[{"embeddable":true,"href":"https:\/\/actualizateiguazu.com\/v3\/wp-json\/wp\/v2\/users\/1"}],"replies":[{"embeddable":true,"href":"https:\/\/actualizateiguazu.com\/v3\/wp-json\/wp\/v2\/comments?post=52487"}],"version-history":[{"count":1,"href":"https:\/\/actualizateiguazu.com\/v3\/wp-json\/wp\/v2\/posts\/52487\/revisions"}],"predecessor-version":[{"id":52490,"href":"https:\/\/actualizateiguazu.com\/v3\/wp-json\/wp\/v2\/posts\/52487\/revisions\/52490"}],"wp:featuredmedia":[{"embeddable":true,"href":"https:\/\/actualizateiguazu.com\/v3\/wp-json\/wp\/v2\/media\/52488"}],"wp:attachment":[{"href":"https:\/\/actualizateiguazu.com\/v3\/wp-json\/wp\/v2\/media?parent=52487"}],"wp:term":[{"taxonomy":"category","embeddable":true,"href":"https:\/\/actualizateiguazu.com\/v3\/wp-json\/wp\/v2\/categories?post=52487"},{"taxonomy":"post_tag","embeddable":true,"href":"https:\/\/actualizateiguazu.com\/v3\/wp-json\/wp\/v2\/tags?post=52487"}],"curies":[{"name":"wp","href":"https:\/\/api.w.org\/{rel}","templated":true}]}}