{"id":52501,"date":"2025-08-02T15:46:55","date_gmt":"2025-08-02T18:46:55","guid":{"rendered":"https:\/\/actualizateiguazu.com\/v3\/?p=52501"},"modified":"2025-08-02T15:46:55","modified_gmt":"2025-08-02T18:46:55","slug":"milei-veto-el-aumento-a-jubilaciones-y-la-ley-de-emergencia-en-discapacidad","status":"publish","type":"post","link":"https:\/\/actualizateiguazu.com\/v3\/2025\/08\/02\/milei-veto-el-aumento-a-jubilaciones-y-la-ley-de-emergencia-en-discapacidad\/","title":{"rendered":"Milei vet\u00f3 el aumento a jubilaciones y la ley de emergencia en discapacidad"},"content":{"rendered":"<p>Las normas ser\u00e1n publicadas este lunes en el Bolet\u00edn Oficial. El Gobierno busca evitar que se consigan los dos tercios necesarios para rechazar el veto presidencial.<\/p>\n<p>Fuentes oficiales confirmaron que el presidente Javier Milei firm\u00f3 este s\u00e1bado los decretos de veto a dos leyes recientemente aprobadas por el Congreso: una nueva f\u00f3rmula de movilidad jubilatoria y la declaraci\u00f3n de emergencia para el sector de discapacidad.<\/p>\n<p>Ambos vetos ser\u00e1n publicados el lunes en el Bolet\u00edn Oficial, dentro del plazo legal establecido. Desde entonces, comenzar\u00e1 a correr el tiempo para que el Congreso eval\u00fae si insiste con la sanci\u00f3n original.<\/p>\n<p>Estrategia dilatoria y presi\u00f3n parlamentaria<\/p>\n<p>Si bien las dos iniciativas hab\u00edan sido aprobadas por el Senado a comienzos de julio, el Ejecutivo demor\u00f3 la oficializaci\u00f3n del veto. La maniobra, seg\u00fan fuentes parlamentarias, tuvo un claro objetivo pol\u00edtico: evitar que el tema regrese con rapidez a la C\u00e1mara de Diputados, donde la oposici\u00f3n podr\u00eda conseguir los dos tercios necesarios para revertir la decisi\u00f3n presidencial.<\/p>\n<p>Mientras tanto, la Casa Rosada activ\u00f3 una serie de negociaciones con gobernadores y bloques aliados para garantizar el respaldo legislativo al veto. Entre los ofrecimientos del Gobierno se mencionan recursos como los Aportes del Tesoro Nacional (ATN) y acuerdos pol\u00edticos de cara a las elecciones nacionales del 26 de octubre.<\/p>\n<p>Los proyectos vetados<\/p>\n<p>Movilidad jubilatoria. La ley impulsada por bloques opositores y el peronismo propon\u00eda una nueva f\u00f3rmula de actualizaci\u00f3n que combinaba inflaci\u00f3n y evoluci\u00f3n salarial. Adem\u00e1s, fijaba un piso mensual de incremento superior al actual sistema de aumentos por decreto, aplicado por el Gobierno nacional desde principios de a\u00f1o.<\/p>\n<p>Emergencia en discapacidad. Este proyecto, votado en medio de fuertes reclamos de organizaciones sociales, buscaba garantizar la continuidad de prestaciones b\u00e1sicas, transporte y atenci\u00f3n integral en el sector. La iniciativa respond\u00eda al recorte de fondos y al deterioro de servicios esenciales para personas con discapacidad.<\/p>\n<p>Desde el Ejecutivo justifican ambos vetos en la necesidad de mantener el equilibrio fiscal, uno de los pilares centrales del programa econ\u00f3mico libertario. El propio Milei ya hab\u00eda advertido que vetar\u00eda cualquier ley que implique un aumento del gasto p\u00fablico.<\/p>\n<p>Un escenario abierto en Diputados<\/p>\n<p>La decisi\u00f3n del Gobierno podr\u00eda ser revertida si ambas c\u00e1maras del Congreso insisten con la sanci\u00f3n original mediante una mayor\u00eda especial de dos tercios. Sin embargo, el oficialismo conf\u00eda en que la oposici\u00f3n no alcanzar\u00e1 ese umbral en Diputados, donde La Libertad Avanza mantiene mayor control gracias al apoyo de bloques menores.<\/p>\n<p>Mientras tanto, crece la tensi\u00f3n entre sectores sociales y organizaciones que hab\u00edan celebrado la aprobaci\u00f3n de ambas leyes. Desde distintas agrupaciones ya se anunciaron movilizaciones frente al Congreso en caso de que no prospere una soluci\u00f3n alternativa.<\/p>\n<p>Fuente: El Territorio<\/p>\n","protected":false},"excerpt":{"rendered":"<p>Las normas ser\u00e1n publicadas este lunes en el Bolet\u00edn Oficial. El Gobierno busca evitar que<\/p>\n","protected":false},"author":1,"featured_media":52502,"comment_status":"closed","ping_status":"open","sticky":false,"template":"","format":"standard","meta":{"footnotes":""},"categories":[1,227],"tags":[],"class_list":["post-52501","post","type-post","status-publish","format-standard","has-post-thumbnail","hentry","category-actualidad","category-nacionales"],"_links":{"self":[{"href":"https:\/\/actualizateiguazu.com\/v3\/wp-json\/wp\/v2\/posts\/52501","targetHints":{"allow":["GET"]}}],"collection":[{"href":"https:\/\/actualizateiguazu.com\/v3\/wp-json\/wp\/v2\/posts"}],"about":[{"href":"https:\/\/actualizateiguazu.com\/v3\/wp-json\/wp\/v2\/types\/post"}],"author":[{"embeddable":true,"href":"https:\/\/actualizateiguazu.com\/v3\/wp-json\/wp\/v2\/users\/1"}],"replies":[{"embeddable":true,"href":"https:\/\/actualizateiguazu.com\/v3\/wp-json\/wp\/v2\/comments?post=52501"}],"version-history":[{"count":1,"href":"https:\/\/actualizateiguazu.com\/v3\/wp-json\/wp\/v2\/posts\/52501\/revisions"}],"predecessor-version":[{"id":52503,"href":"https:\/\/actualizateiguazu.com\/v3\/wp-json\/wp\/v2\/posts\/52501\/revisions\/52503"}],"wp:featuredmedia":[{"embeddable":true,"href":"https:\/\/actualizateiguazu.com\/v3\/wp-json\/wp\/v2\/media\/52502"}],"wp:attachment":[{"href":"https:\/\/actualizateiguazu.com\/v3\/wp-json\/wp\/v2\/media?parent=52501"}],"wp:term":[{"taxonomy":"category","embeddable":true,"href":"https:\/\/actualizateiguazu.com\/v3\/wp-json\/wp\/v2\/categories?post=52501"},{"taxonomy":"post_tag","embeddable":true,"href":"https:\/\/actualizateiguazu.com\/v3\/wp-json\/wp\/v2\/tags?post=52501"}],"curies":[{"name":"wp","href":"https:\/\/api.w.org\/{rel}","templated":true}]}}