{"id":52536,"date":"2025-08-04T18:35:23","date_gmt":"2025-08-04T21:35:23","guid":{"rendered":"https:\/\/actualizateiguazu.com\/v3\/?p=52536"},"modified":"2025-08-04T18:35:42","modified_gmt":"2025-08-04T21:35:42","slug":"52536","status":"publish","type":"post","link":"https:\/\/actualizateiguazu.com\/v3\/2025\/08\/04\/52536\/","title":{"rendered":"El Festival de t\u00edteres Tata Vera necesita padrinos para llegar a las 30 funciones en las escuelas"},"content":{"rendered":"<p>El Festival de t\u00edteres y Titiriteros cumple 20 a\u00f1os, esta edici\u00f3n desde la organizaci\u00f3n planific\u00f3 30 funciones en las escuelas de Puerto Iguaz\u00fa. Cada funci\u00f3n es apadrinada por una empresa que cubre los gastos. Este a\u00f1o a\u00fan est\u00e1n en b\u00fasqueda de padrinos para cumplir con la agenda.<\/p>\n<p>Como hace 20 a\u00f1os, para celebrar el d\u00eda de las infancias se realiza el festival de t\u00edteres y titiriteros Tata Vera en Iguaz\u00fa. Artistas de diferentes provincias y pa\u00edses se hacen presente en las escuelas de Puerto Iguaz\u00fa llevando alegr\u00eda a los ni\u00f1os, cada funci\u00f3n de t\u00edteres es posible gracias al aporte de padrinos que agasajan a los ni\u00f1os en su d\u00eda. Este a\u00f1o debido a la baja del turismo y la crisis desde la organizaci\u00f3n indicaron que a pocos d\u00edas de empezar el festival no han logrado cubrir todas las funciones programadas.<\/p>\n<p>Esta previsto que el festival tata Vera comience el pr\u00f3ximo lunes 11 de agosto y finalice el 17. El cronograma de actividades contempla la presencia de titiriteros de Venezuela, Espa\u00f1a y de provincias como Neuqu\u00e9n, Chubut y CABA. Entre las locaciones contemplan al Hogar de d\u00eda, escuelas de ense\u00f1anza especial, comunidades Mbya y escuelas ubicadas en la periferia, muchas de ellas aun no cuentan con un padrino.<\/p>\n<p>\u201cEstamos trabajando, tratando de conseguir apoyo, este a\u00f1o est\u00e1 muy dif\u00edcil, pero estamos trabajando a pulm\u00f3n para que esto sea una fiesta para todos los ni\u00f1os\u201d indico Bibiana Fedlmann organizadora del Tata Ver\u00e1<\/p>\n<p>Ademas de las funciones en las escuelas, est\u00e1n previstas funciones en el espacio Cultural ArteRoga, ubicado en calle Yapeyu 429 villa 14, los d\u00edas viernes, s\u00e1bado y domingo con tres funciones diarias a las 17, a las 19 y 21hs.<\/p>\n<p>&nbsp;<\/p>\n<p>&nbsp;<\/p>\n<p>&nbsp;<\/p>\n<p>&nbsp;<\/p>\n","protected":false},"excerpt":{"rendered":"<p>El Festival de t\u00edteres y Titiriteros cumple 20 a\u00f1os, esta edici\u00f3n desde la organizaci\u00f3n planific\u00f3<\/p>\n","protected":false},"author":1,"featured_media":52537,"comment_status":"closed","ping_status":"open","sticky":false,"template":"","format":"standard","meta":{"footnotes":""},"categories":[1,222,226],"tags":[],"class_list":["post-52536","post","type-post","status-publish","format-standard","has-post-thumbnail","hentry","category-actualidad","category-cultura","category-locales"],"_links":{"self":[{"href":"https:\/\/actualizateiguazu.com\/v3\/wp-json\/wp\/v2\/posts\/52536","targetHints":{"allow":["GET"]}}],"collection":[{"href":"https:\/\/actualizateiguazu.com\/v3\/wp-json\/wp\/v2\/posts"}],"about":[{"href":"https:\/\/actualizateiguazu.com\/v3\/wp-json\/wp\/v2\/types\/post"}],"author":[{"embeddable":true,"href":"https:\/\/actualizateiguazu.com\/v3\/wp-json\/wp\/v2\/users\/1"}],"replies":[{"embeddable":true,"href":"https:\/\/actualizateiguazu.com\/v3\/wp-json\/wp\/v2\/comments?post=52536"}],"version-history":[{"count":2,"href":"https:\/\/actualizateiguazu.com\/v3\/wp-json\/wp\/v2\/posts\/52536\/revisions"}],"predecessor-version":[{"id":52539,"href":"https:\/\/actualizateiguazu.com\/v3\/wp-json\/wp\/v2\/posts\/52536\/revisions\/52539"}],"wp:featuredmedia":[{"embeddable":true,"href":"https:\/\/actualizateiguazu.com\/v3\/wp-json\/wp\/v2\/media\/52537"}],"wp:attachment":[{"href":"https:\/\/actualizateiguazu.com\/v3\/wp-json\/wp\/v2\/media?parent=52536"}],"wp:term":[{"taxonomy":"category","embeddable":true,"href":"https:\/\/actualizateiguazu.com\/v3\/wp-json\/wp\/v2\/categories?post=52536"},{"taxonomy":"post_tag","embeddable":true,"href":"https:\/\/actualizateiguazu.com\/v3\/wp-json\/wp\/v2\/tags?post=52536"}],"curies":[{"name":"wp","href":"https:\/\/api.w.org\/{rel}","templated":true}]}}