{"id":52540,"date":"2025-08-04T22:41:49","date_gmt":"2025-08-05T01:41:49","guid":{"rendered":"https:\/\/actualizateiguazu.com\/v3\/?p=52540"},"modified":"2025-08-04T22:41:49","modified_gmt":"2025-08-05T01:41:49","slug":"brasileno-sufrio-lesiones-gravisimas-tras-una-pelea-frente-a-un-bar-en-puerto-iguazu-el-agresor-esta-detenido","status":"publish","type":"post","link":"https:\/\/actualizateiguazu.com\/v3\/2025\/08\/04\/brasileno-sufrio-lesiones-gravisimas-tras-una-pelea-frente-a-un-bar-en-puerto-iguazu-el-agresor-esta-detenido\/","title":{"rendered":"Brasile\u00f1o sufri\u00f3 lesiones grav\u00edsimas tras una pelea frente a un bar en Puerto Iguaz\u00fa: el agresor est\u00e1 detenido"},"content":{"rendered":"<p>Un hombre de nacionalidad brasile\u00f1a de 45 a\u00f1os result\u00f3 con lesiones grav\u00edsimas y permanece internado con riesgo de vida, luego de protagonizar una pelea frente a un local gastron\u00f3mico en Puerto Iguaz\u00fa. La Polic\u00eda detuvo al presunto agresor, quien ser\u00eda el encargado del establecimiento donde ocurri\u00f3 el hecho.<\/p>\n<p>El episodio ocurri\u00f3 ayer domingo, cerca de las 20 horas, frente a un bar ubicado sobre la avenida Brasil, donde se habr\u00eda iniciado una discusi\u00f3n entre dos ciudadanos brasile\u00f1os y el responsable del comercio. Seg\u00fan el testimonio del encargado del local, de 33 a\u00f1os, las dos personas extranjeras se encontraban alteradas y generaban disturbios, molestando a los clientes del lugar y de los comercios cercanos.<\/p>\n<p>Siempre de acuerdo con el relato brindado a los efectivos policiales, al intentar calmar la situaci\u00f3n, los brasile\u00f1os reaccionaron de manera violenta contra \u00e9l, lo que deriv\u00f3 en un forcejeo. En ese contexto, habr\u00eda lanzado un golpe de pu\u00f1o a uno de ellos, identificado como Junior W., quien cay\u00f3 desvanecido en la v\u00eda p\u00fablica. El hombre estaba acompa\u00f1ado por su padre, de 60 a\u00f1os.<\/p>\n<p>Ambos fueron asistidos por personal m\u00e9dico y trasladados al hospital local. M\u00e1s tarde, el diagn\u00f3stico m\u00e9dico revel\u00f3 que Junior sufri\u00f3 un traumatismo enc\u00e9falo craneano con fractura de cr\u00e1neo en la regi\u00f3n preoccipital derecha y hemorragia, lesiones que fueron calificadas como grav\u00edsimas, con riesgo de vida.<\/p>\n<p>Ante esta situaci\u00f3n, el comerciante qued\u00f3 demorado en averiguaci\u00f3n del hecho, por disposici\u00f3n del Juzgado interviniente. Se inici\u00f3 un sumario judicial y se aguarda la evoluci\u00f3n m\u00e9dica de la v\u00edctima para determinar los pasos a seguir en la causa.<\/p>\n","protected":false},"excerpt":{"rendered":"<p>Un hombre de nacionalidad brasile\u00f1a de 45 a\u00f1os result\u00f3 con lesiones grav\u00edsimas y permanece internado<\/p>\n","protected":false},"author":1,"featured_media":52541,"comment_status":"closed","ping_status":"open","sticky":false,"template":"","format":"standard","meta":{"footnotes":""},"categories":[1,228],"tags":[],"class_list":["post-52540","post","type-post","status-publish","format-standard","has-post-thumbnail","hentry","category-actualidad","category-policiales"],"_links":{"self":[{"href":"https:\/\/actualizateiguazu.com\/v3\/wp-json\/wp\/v2\/posts\/52540","targetHints":{"allow":["GET"]}}],"collection":[{"href":"https:\/\/actualizateiguazu.com\/v3\/wp-json\/wp\/v2\/posts"}],"about":[{"href":"https:\/\/actualizateiguazu.com\/v3\/wp-json\/wp\/v2\/types\/post"}],"author":[{"embeddable":true,"href":"https:\/\/actualizateiguazu.com\/v3\/wp-json\/wp\/v2\/users\/1"}],"replies":[{"embeddable":true,"href":"https:\/\/actualizateiguazu.com\/v3\/wp-json\/wp\/v2\/comments?post=52540"}],"version-history":[{"count":1,"href":"https:\/\/actualizateiguazu.com\/v3\/wp-json\/wp\/v2\/posts\/52540\/revisions"}],"predecessor-version":[{"id":52542,"href":"https:\/\/actualizateiguazu.com\/v3\/wp-json\/wp\/v2\/posts\/52540\/revisions\/52542"}],"wp:featuredmedia":[{"embeddable":true,"href":"https:\/\/actualizateiguazu.com\/v3\/wp-json\/wp\/v2\/media\/52541"}],"wp:attachment":[{"href":"https:\/\/actualizateiguazu.com\/v3\/wp-json\/wp\/v2\/media?parent=52540"}],"wp:term":[{"taxonomy":"category","embeddable":true,"href":"https:\/\/actualizateiguazu.com\/v3\/wp-json\/wp\/v2\/categories?post=52540"},{"taxonomy":"post_tag","embeddable":true,"href":"https:\/\/actualizateiguazu.com\/v3\/wp-json\/wp\/v2\/tags?post=52540"}],"curies":[{"name":"wp","href":"https:\/\/api.w.org\/{rel}","templated":true}]}}