{"id":52543,"date":"2025-08-05T16:23:02","date_gmt":"2025-08-05T19:23:02","guid":{"rendered":"https:\/\/actualizateiguazu.com\/v3\/?p=52543"},"modified":"2025-08-05T16:23:02","modified_gmt":"2025-08-05T19:23:02","slug":"el-reconocido-conferencista-dante-gebel-llega-a-posadas","status":"publish","type":"post","link":"https:\/\/actualizateiguazu.com\/v3\/2025\/08\/05\/el-reconocido-conferencista-dante-gebel-llega-a-posadas\/","title":{"rendered":"El reconocido conferencista Dante Gebel llega a Posadas"},"content":{"rendered":"<p style=\"font-weight: 400;\">Con su aclamada conferencia \u00abPresiDante: No es otra cl\u00e1sica campa\u00f1a pol\u00edtica\u00bb se presentar\u00e1 el mi\u00e9rcoles 13 de agosto a las 20.30 horas en el Polideportivo del Colegio Santa Mar\u00eda.<\/p>\n<p style=\"font-weight: 400;\">La ciudad de Posadas se prepara para recibir a una de las figuras m\u00e1s influyentes y carism\u00e1ticas de Latinoam\u00e9rica: Dante Gebel. El aclamado conductor, actor, productor e influencer presentar\u00e1 su exitosa obra el pr\u00f3ximo mi\u00e9rcoles 13 de agosto, a las 20:30 horas, en el Polideportivo del Colegio Santa Mar\u00eda (Av. Zapiola 1900). El ingreso estar\u00e1 habilitado desde las 19.00 horas.<\/p>\n<p style=\"font-weight: 400;\">Las entradas ya se encuentran a la venta y pueden adquirirse exclusivamente a trav\u00e9s de\u00a0<a href=\"http:\/\/www.todoticket.ar\/\" data-saferedirecturl=\"https:\/\/www.google.com\/url?q=http:\/\/www.todoticket.ar&amp;source=gmail&amp;ust=1754486617703000&amp;usg=AOvVaw08OwCnxXx4oa_kpcfPpoX3\">www.todoticket.ar<\/a>\u00a0(tarjetas de cr\u00e9dito y d\u00e9bito).\u00a0<strong>Categor\u00edas y Precios:<\/strong>\u00a0Platinium silla numerada: $50.000, Oro numerada: $40.000 y tribunas no numeradas: $25.000; Se informa que menores de 8 a\u00f1os no ingresan al evento.<\/p>\n<p style=\"font-weight: 400;\"><strong>\u00abPresiDante\u00bb<\/strong><\/p>\n<p style=\"font-weight: 400;\">Forma parte de una ambiciosa gira por Argentina que recorrer\u00e1 las 23 provincias y la Ciudad de Buenos Aires. Esta conferencia, que ya ha convocado a miles de personas con localidades agotadas en m\u00e1s de 70 ciudades alrededor del mundo, inicia su recorrido en el Teatro Gran Rex de Buenos Aires y es \u00abun viaje al coraz\u00f3n y el alma\u00bb, seg\u00fan palabras de su propio creador.<\/p>\n<p style=\"font-weight: 400;\">Durante el espect\u00e1culo, de poco m\u00e1s de dos horas, Gebel fusiona su caracter\u00edstico estilo de stand-up con relatos conmovedores y reflexiones profundas. Aborda temas universales como la vida, el barrio, la muerte, la nostalgia y relatos cotidianos que nos llevan a reflexiones profundas del alma. Permiti\u00e9ndose la licencia de ser \u00abPresidente por un d\u00eda\u00bb, Gebel fusiona carcajadas, l\u00e1grimas y un mensaje directo al coraz\u00f3n.<\/p>\n<p style=\"font-weight: 400;\">Dante Gebel, reconocido mundialmente por sus conferencias dirigidas a la juventud y la familia, es conductor, actor, productor e influencer. Actualmente vive en Los \u00c1ngeles, California. Ha llevado sus shows a escenarios ic\u00f3nicos como el Hard Rock de Las Vegas, el Dolby de Hollywood (sede de los Oscar), el Disney Concert Hall de Los \u00c1ngeles y cerr\u00f3 Disneyland para un evento con m\u00e1s de 50.000 asistentes. En Argentina, ha convocado a miles de j\u00f3venes en estadios como River Plate, V\u00e9lez y Boca.<\/p>\n<p style=\"font-weight: 400;\">Recientemente, se alz\u00f3 con un Mart\u00edn Fierro como mejor conductor internacional por su programa \u00abLa Divina Noche\u00bb y conduce \u00abDante de 10\u00bb en Radio 10. Adem\u00e1s, es un escritor best-seller y cuenta con una impresionante comunidad digital de cerca de 5 millones de seguidores en Facebook, 2 millones en Instagram y 3 millones en YouTube.<\/p>\n<p style=\"font-weight: 400;\"><strong>AVISO IMPORTANTE PARA QUIENES ADQUIRIERON ENTRADAS ANTERIORMENTE:<\/strong><\/p>\n<p style=\"font-weight: 400;\">Debido al cambio de recinto para la presentaci\u00f3n de Dante Gebel en Posadas, desde la producci\u00f3n se ha habilitado un canal de comunicaci\u00f3n para gestionar posibles inconvenientes con entradas ya adquiridas para el lugar anterior o consultas relacionadas con la reubicaci\u00f3n\/devoluci\u00f3n.\u00a0Si compr\u00f3 entradas previamente y tiene dudas o requiere una devoluci\u00f3n por el cambio de sede, por favor dirija su consulta a:\u00a0<a href=\"mailto:InfoTour@dantegebel.com\">InfoTour@dantegebel.com<\/a>. La producci\u00f3n del evento est\u00e1 trabajando para dar soluci\u00f3n a estas situaciones. Organiza: Nuevos Aires Producciones<\/p>\n","protected":false},"excerpt":{"rendered":"<p>Con su aclamada conferencia \u00abPresiDante: No es otra cl\u00e1sica campa\u00f1a pol\u00edtica\u00bb se presentar\u00e1 el mi\u00e9rcoles<\/p>\n","protected":false},"author":1,"featured_media":52544,"comment_status":"closed","ping_status":"open","sticky":false,"template":"","format":"standard","meta":{"footnotes":""},"categories":[1,229],"tags":[],"class_list":["post-52543","post","type-post","status-publish","format-standard","has-post-thumbnail","hentry","category-actualidad","category-provinciales"],"_links":{"self":[{"href":"https:\/\/actualizateiguazu.com\/v3\/wp-json\/wp\/v2\/posts\/52543","targetHints":{"allow":["GET"]}}],"collection":[{"href":"https:\/\/actualizateiguazu.com\/v3\/wp-json\/wp\/v2\/posts"}],"about":[{"href":"https:\/\/actualizateiguazu.com\/v3\/wp-json\/wp\/v2\/types\/post"}],"author":[{"embeddable":true,"href":"https:\/\/actualizateiguazu.com\/v3\/wp-json\/wp\/v2\/users\/1"}],"replies":[{"embeddable":true,"href":"https:\/\/actualizateiguazu.com\/v3\/wp-json\/wp\/v2\/comments?post=52543"}],"version-history":[{"count":1,"href":"https:\/\/actualizateiguazu.com\/v3\/wp-json\/wp\/v2\/posts\/52543\/revisions"}],"predecessor-version":[{"id":52545,"href":"https:\/\/actualizateiguazu.com\/v3\/wp-json\/wp\/v2\/posts\/52543\/revisions\/52545"}],"wp:featuredmedia":[{"embeddable":true,"href":"https:\/\/actualizateiguazu.com\/v3\/wp-json\/wp\/v2\/media\/52544"}],"wp:attachment":[{"href":"https:\/\/actualizateiguazu.com\/v3\/wp-json\/wp\/v2\/media?parent=52543"}],"wp:term":[{"taxonomy":"category","embeddable":true,"href":"https:\/\/actualizateiguazu.com\/v3\/wp-json\/wp\/v2\/categories?post=52543"},{"taxonomy":"post_tag","embeddable":true,"href":"https:\/\/actualizateiguazu.com\/v3\/wp-json\/wp\/v2\/tags?post=52543"}],"curies":[{"name":"wp","href":"https:\/\/api.w.org\/{rel}","templated":true}]}}