{"id":52551,"date":"2025-08-06T11:10:46","date_gmt":"2025-08-06T14:10:46","guid":{"rendered":"https:\/\/actualizateiguazu.com\/v3\/?p=52551"},"modified":"2025-08-06T11:10:46","modified_gmt":"2025-08-06T14:10:46","slug":"la-brigada-k9-de-bomberos-de-iguazu-se-unio-a-la-busqueda-del-argentino-desaparecido-en-el-chaco-paraguayo","status":"publish","type":"post","link":"https:\/\/actualizateiguazu.com\/v3\/2025\/08\/06\/la-brigada-k9-de-bomberos-de-iguazu-se-unio-a-la-busqueda-del-argentino-desaparecido-en-el-chaco-paraguayo\/","title":{"rendered":"La Brigada K9 de Bomberos de Iguaz\u00fa se uni\u00f3 a la b\u00fasqueda del argentino desaparecido en el Chaco paraguayo"},"content":{"rendered":"<p>Wenceslao Benoit, empresario argentino de 77 a\u00f1os fue reportado como desaparecido desde el 31 de julio en la zona de Cerro Le\u00f3n. Varios grupos de b\u00fasqueda trabajan en el lugar y los Bomberos de Puerto Iguaz\u00fa se unieron a la exploraci\u00f3n del territorio con el can Midas.<\/p>\n<p>Aumenta la tensi\u00f3n en el Parque Paraguayo Defensores del Chaco ubicado a kil\u00f3metros de Asunci\u00f3n, un ciudadano argentino identificado como Wenceslao Benoit de 77 a\u00f1os, que se desempe\u00f1a como gu\u00eda de turismo, se adentr\u00f3 en la zona inh\u00f3spita del cerro Le\u00f3n acompa\u00f1ado de un ciudadano belga llamado Raphael Joseph Gibbon de 48 a\u00f1os con el objetivo de conocer y tomar fotos. En un momento se separaron unos metros y Gibbon habr\u00eda perdido de vista a Benoit y tomo la decisi\u00f3n de regresar al lugar donde hab\u00edan dejado estacionado el veh\u00edculo creyendo que lo encontrar\u00eda all\u00ed pero no fue as\u00ed. Entonces lo reporto como desaparecido.<\/p>\n<p>Tras la denuncia, se procedi\u00f3 en principio a la demora de Gibbon y se conformaron los diferentes grupos de b\u00fasqueda, las condiciones clim\u00e1ticas adversas dificultaron las b\u00fasquedas, es por ello que El cuerpo de Bomberos de Paraguay solicito colaboraci\u00f3n a los Bomberos Voluntarios de Puerto Iguaz\u00fa, quienes recientemente incorporaron a Midas un can entrenado para b\u00fasqueda de personas. La brigada K9 viaj\u00f3 ayer a Paraguay y esta ma\u00f1ana se trasladaron al lugar para unirse al grupo de rescate.<\/p>\n<p>Las tareas de rescate continuar\u00e1n durante todo el d\u00eda, el equipo Bomberos Voluntarios de Iguaz\u00fa est\u00e1n entrenados para el trabajo en lugares inh\u00f3spitos. No es la primera vez que el can Midas trabaja en este tipo de b\u00fasquedas.<\/p>\n<p>&nbsp;<\/p>\n","protected":false},"excerpt":{"rendered":"<p>Wenceslao Benoit, empresario argentino de 77 a\u00f1os fue reportado como desaparecido desde el 31 de<\/p>\n","protected":false},"author":1,"featured_media":52552,"comment_status":"closed","ping_status":"open","sticky":false,"template":"","format":"standard","meta":{"footnotes":""},"categories":[1,226],"tags":[],"class_list":["post-52551","post","type-post","status-publish","format-standard","has-post-thumbnail","hentry","category-actualidad","category-locales"],"_links":{"self":[{"href":"https:\/\/actualizateiguazu.com\/v3\/wp-json\/wp\/v2\/posts\/52551","targetHints":{"allow":["GET"]}}],"collection":[{"href":"https:\/\/actualizateiguazu.com\/v3\/wp-json\/wp\/v2\/posts"}],"about":[{"href":"https:\/\/actualizateiguazu.com\/v3\/wp-json\/wp\/v2\/types\/post"}],"author":[{"embeddable":true,"href":"https:\/\/actualizateiguazu.com\/v3\/wp-json\/wp\/v2\/users\/1"}],"replies":[{"embeddable":true,"href":"https:\/\/actualizateiguazu.com\/v3\/wp-json\/wp\/v2\/comments?post=52551"}],"version-history":[{"count":1,"href":"https:\/\/actualizateiguazu.com\/v3\/wp-json\/wp\/v2\/posts\/52551\/revisions"}],"predecessor-version":[{"id":52553,"href":"https:\/\/actualizateiguazu.com\/v3\/wp-json\/wp\/v2\/posts\/52551\/revisions\/52553"}],"wp:featuredmedia":[{"embeddable":true,"href":"https:\/\/actualizateiguazu.com\/v3\/wp-json\/wp\/v2\/media\/52552"}],"wp:attachment":[{"href":"https:\/\/actualizateiguazu.com\/v3\/wp-json\/wp\/v2\/media?parent=52551"}],"wp:term":[{"taxonomy":"category","embeddable":true,"href":"https:\/\/actualizateiguazu.com\/v3\/wp-json\/wp\/v2\/categories?post=52551"},{"taxonomy":"post_tag","embeddable":true,"href":"https:\/\/actualizateiguazu.com\/v3\/wp-json\/wp\/v2\/tags?post=52551"}],"curies":[{"name":"wp","href":"https:\/\/api.w.org\/{rel}","templated":true}]}}