{"id":52617,"date":"2025-08-08T20:49:12","date_gmt":"2025-08-08T23:49:12","guid":{"rendered":"https:\/\/actualizateiguazu.com\/v3\/?p=52617"},"modified":"2025-08-08T20:49:12","modified_gmt":"2025-08-08T23:49:12","slug":"el-taekwondista-dario-nunez-recibio-un-reconocimiento-al-merito-deportivo","status":"publish","type":"post","link":"https:\/\/actualizateiguazu.com\/v3\/2025\/08\/08\/el-taekwondista-dario-nunez-recibio-un-reconocimiento-al-merito-deportivo\/","title":{"rendered":"El Taekwondista Dar\u00edo N\u00fa\u00f1ez recibi\u00f3 un reconocimiento al merito deportivo"},"content":{"rendered":"<p>Dar\u00edo Nu\u00f1ez atleta de Puerto Iguaz\u00fa se corono campe\u00f3n en el Campeonato Mundial de Taekwon\u2011Do ITF que se disput\u00f3 en Barcelona, Espa\u00f1a. d\u00edas despu\u00e9s de su regreso recibi\u00f3 un reconocimiento del Honorable Concejo Deliberante.<\/p>\n<p>Debido a su trayectoria en el Taekwondo y tras coronarse dos veces campe\u00f3n mundial y obtener un subcampeonato, el Honorable Concejo Deliberante de Puerto Iguaz\u00fa, entrego un reconocimiento al m\u00e9rito deportivo a Dar\u00edo N\u00fa\u00f1ez. La entrega se concret\u00f3 en la sesi\u00f3n ordinaria del cuerpo deliberativo celebrada el ultimo jueves. Nu\u00f1ez agradeci\u00f3 el apoyo e inst\u00f3 a que apoyen a todos los deportistas ya que han grandes promesas en la ciudad.<\/p>\n<p>El deporte es m\u00e1s que entrenamiento, es esfuerzo, en todos los sentidos, Dar\u00edo N\u00fa\u00f1ez se destaca en el taekwondo desde la adolescencia, trabajo duro para llegar a donde llego. Hace varios a\u00f1os decidi\u00f3 dedicarse a su crecimiento personal, monto su academia donde forma a cientos de ni\u00f1os, tambi\u00e9n dedic\u00f3 su tiempo a su familia, sin embargo, sent\u00eda que lago le faltaba. Este a\u00f1o decidi\u00f3 volver a las competencias, con mucha dedicaci\u00f3n y con la colaboraci\u00f3n de muchas personas logr\u00f3 clasificar para competir en el Campeonato Mundial que se celebra en Barcelona y se gan\u00f3 el primer lugar en el podio en su categor\u00eda.<\/p>\n<p>El Campeonato Mundial ITF organizado por la Federaci\u00f3n Internacional de Taekwon-Do realiz\u00f3 en Barcelona, Espa\u00f1a, desde 23 al 28 de julio de 2025. El atleta iguazuense Dar\u00edo N\u00fa\u00f1ez se gan\u00f3 el primer lugar en el podio en la categor\u00eda Senior Masculino Micropeso durante el Campeonato Mundial de Taekwon\u2011Do ITF. Este logro volvi\u00f3 a ponerlo a N\u00fa\u00f1ez en lo m\u00e1s alto del podio internacional, destac\u00e1ndose entre los mejores exponentes de la disciplina a nivel global.<\/p>\n<p>Nu\u00f1ez obtuvo su primer t\u00edtulo mundial en 2007 en Inglaterra y en el 2012 logr\u00f3 subcampeonato en 2012 en Canad\u00e1, se suma a los t\u00edtulos el campeonato mundial obtenido este mes en Barcelona. Ante tantos logros el Honorable Concejo Deliberante lo reconoci\u00f3.<\/p>\n<p><img loading=\"lazy\" decoding=\"async\" class=\"alignnone size-full wp-image-52614\" src=\"https:\/\/actualizateiguazu.com\/v3\/wp-content\/uploads\/2025\/08\/IMG_20250807_111248-scaled.jpg\" alt=\"\" width=\"2560\" height=\"1441\" srcset=\"https:\/\/actualizateiguazu.com\/v3\/wp-content\/uploads\/2025\/08\/IMG_20250807_111248-scaled.jpg 2560w, https:\/\/actualizateiguazu.com\/v3\/wp-content\/uploads\/2025\/08\/IMG_20250807_111248-300x169.jpg 300w, https:\/\/actualizateiguazu.com\/v3\/wp-content\/uploads\/2025\/08\/IMG_20250807_111248-1024x576.jpg 1024w, https:\/\/actualizateiguazu.com\/v3\/wp-content\/uploads\/2025\/08\/IMG_20250807_111248-768x432.jpg 768w, https:\/\/actualizateiguazu.com\/v3\/wp-content\/uploads\/2025\/08\/IMG_20250807_111248-1536x864.jpg 1536w, https:\/\/actualizateiguazu.com\/v3\/wp-content\/uploads\/2025\/08\/IMG_20250807_111248-2048x1153.jpg 2048w, https:\/\/actualizateiguazu.com\/v3\/wp-content\/uploads\/2025\/08\/IMG_20250807_111248-800x450.jpg 800w\" sizes=\"auto, (max-width: 2560px) 100vw, 2560px\" \/><\/p>\n<p>Dar\u00edo Nu\u00f1ez en sus palabras reconoci\u00f3 que fue dif\u00edcil que por momentos no tenia el dinero para almorzar sin embargo tenia un objetivo que lo cumpli\u00f3 \u201cEste premio es para mis padres que no est\u00e1n bien de salud. Tuve mucha fortaleza y fue mucho el sacrificio y lo logr\u00e9. Tengo como meta obtener otro campeonato mundial y despu\u00e9s retirarme\u201d indico<\/p>\n<p>Ademas, pidi\u00f3 a los presentes que apoyen al deporte que el semillero tiene grandes promesas en todas las disciplinas y remarc\u00f3 que sin el apoyo es imposible llegar lejos.<\/p>\n<p>&nbsp;<\/p>\n","protected":false},"excerpt":{"rendered":"<p>Dar\u00edo Nu\u00f1ez atleta de Puerto Iguaz\u00fa se corono campe\u00f3n en el Campeonato Mundial de Taekwon\u2011Do<\/p>\n","protected":false},"author":1,"featured_media":52609,"comment_status":"closed","ping_status":"open","sticky":false,"template":"","format":"standard","meta":{"footnotes":""},"categories":[1,226],"tags":[],"class_list":["post-52617","post","type-post","status-publish","format-standard","has-post-thumbnail","hentry","category-actualidad","category-locales"],"_links":{"self":[{"href":"https:\/\/actualizateiguazu.com\/v3\/wp-json\/wp\/v2\/posts\/52617","targetHints":{"allow":["GET"]}}],"collection":[{"href":"https:\/\/actualizateiguazu.com\/v3\/wp-json\/wp\/v2\/posts"}],"about":[{"href":"https:\/\/actualizateiguazu.com\/v3\/wp-json\/wp\/v2\/types\/post"}],"author":[{"embeddable":true,"href":"https:\/\/actualizateiguazu.com\/v3\/wp-json\/wp\/v2\/users\/1"}],"replies":[{"embeddable":true,"href":"https:\/\/actualizateiguazu.com\/v3\/wp-json\/wp\/v2\/comments?post=52617"}],"version-history":[{"count":1,"href":"https:\/\/actualizateiguazu.com\/v3\/wp-json\/wp\/v2\/posts\/52617\/revisions"}],"predecessor-version":[{"id":52618,"href":"https:\/\/actualizateiguazu.com\/v3\/wp-json\/wp\/v2\/posts\/52617\/revisions\/52618"}],"wp:featuredmedia":[{"embeddable":true,"href":"https:\/\/actualizateiguazu.com\/v3\/wp-json\/wp\/v2\/media\/52609"}],"wp:attachment":[{"href":"https:\/\/actualizateiguazu.com\/v3\/wp-json\/wp\/v2\/media?parent=52617"}],"wp:term":[{"taxonomy":"category","embeddable":true,"href":"https:\/\/actualizateiguazu.com\/v3\/wp-json\/wp\/v2\/categories?post=52617"},{"taxonomy":"post_tag","embeddable":true,"href":"https:\/\/actualizateiguazu.com\/v3\/wp-json\/wp\/v2\/tags?post=52617"}],"curies":[{"name":"wp","href":"https:\/\/api.w.org\/{rel}","templated":true}]}}