{"id":52624,"date":"2025-08-09T10:12:09","date_gmt":"2025-08-09T13:12:09","guid":{"rendered":"https:\/\/actualizateiguazu.com\/v3\/?p=52624"},"modified":"2025-08-09T10:12:09","modified_gmt":"2025-08-09T13:12:09","slug":"el-enano-competicion-largo-en-el-rally-de-puerto-rico","status":"publish","type":"post","link":"https:\/\/actualizateiguazu.com\/v3\/2025\/08\/09\/el-enano-competicion-largo-en-el-rally-de-puerto-rico\/","title":{"rendered":"El Enano Competici\u00f3n larg\u00f3 en el Rally de Puerto Rico"},"content":{"rendered":"<div class=\"xdj266r x14z9mp xat24cr x1lziwak x1vvkbs x126k92a\">\n<div dir=\"auto\">El equipo de Puerto Iguaz\u00fa, el Enano Competici\u00f3n larg\u00f3 la 4\u00b0 fecha del Campeonato Misionero de Rally que se disputar\u00e1 desde hoy por los caminos vecinales de Puerto Rico.<\/div>\n<\/div>\n<div class=\"x14z9mp xat24cr x1lziwak x1vvkbs xtlvy1s x126k92a\">\n<div dir=\"auto\">La dupla Benjam\u00edn Devechi-Oscar Olivera estar\u00e1 sobre el VW Gol de la Clase N2, que fue repasado por el equipo y qued\u00f3 listo para largar.<\/div>\n<div dir=\"auto\"><\/div>\n<div dir=\"auto\">El binomio se ubica en la cuarta posici\u00f3n con 33 unidades y buscar\u00e1 sumar fuerte para seguir creciendo en el campeonato de la Clase N2.<\/div>\n<div dir=\"auto\">\u201cTerminamos sobre la hora el auto, pero estamos bien, va a ser una carrera r\u00e1pida los caminos est\u00e1n muy lindos\u201d, explic\u00f3 Bejam\u00edn.<\/div>\n<div dir=\"auto\"><\/div>\n<div dir=\"auto\">El Enano Competici\u00f3n agradeci\u00f3 el apoyo de toda la familia y de los Sponsor groferreteria La Yunta, Gemak Servicio, Estudio Aduanero Alvarado, Lavadero M\u00e1ximo, Maxi Kiosko Chiky, Iguaz\u00fa Distribuciones, Mercado De Lima, Chapa y Pintura El Porte\u00f1o, Carnicer\u00eda Pac\u00edfico, Richard Gr\u00faas, Iguaz\u00fa Fragancias, Tienda I Like, Grupo Aquino Truck, Martyniuc Autorepuestos y Distribuidora 20-10.<\/div>\n<div dir=\"auto\"><\/div>\n<div dir=\"auto\">El s\u00e1bado desde las 10 se pondr\u00e1 en marcha la etapa 1 con cuatro pruebas especiales. El domingo, desde las 8.58 se pondr\u00e1 en marcha la segunda y \u00faltima etapa con otras cinco pruebas especiales. La \u00faltima ser\u00e1 en el Kart\u00f3dromo Carlos Albisser donde tambi\u00e9n se realizar\u00e1 la premiaci\u00f3n.<\/div>\n<\/div>\n<div class=\"x14z9mp xat24cr x1lziwak x1vvkbs xtlvy1s x126k92a\">\n<div dir=\"auto\"><\/div>\n<div dir=\"auto\">Cronograma de actividades<\/div>\n<div dir=\"auto\">S\u00e1bado<\/div>\n<div dir=\"auto\">7 a 9: Caminos habilitados para reconocimiento<\/div>\n<div dir=\"auto\">7 a 18.30: Apertura y Cierre de Direcci\u00f3n de Carrera<\/div>\n<div dir=\"auto\">7 a 8: Verificaci\u00f3n t\u00e9cnica de veh\u00edculos observados<\/div>\n<div dir=\"auto\">9.32: Partida del primer auto del Parque de Asistencia<\/div>\n<div dir=\"auto\">10: Largada de PE 01 L\u00ednea Paran\u00e1 \u2013 Complejo Don Ra\u00fal (I)<\/div>\n<div dir=\"auto\">10.18: Largada PE 02 Mbopicu\u00e1-San Alberto (I)<\/div>\n<div dir=\"auto\">13.11: Largada PE 03 L\u00ednea Paran\u00e1 \u2013 Complejo Don Ra\u00fal (II)<\/div>\n<div dir=\"auto\">13.29: Largada PE 04 Mbopicu\u00e1-San Alberto (II)<\/div>\n<div dir=\"auto\">18.15: Cierre del Parque Cerrado<\/div>\n<\/div>\n<div class=\"x14z9mp xat24cr x1lziwak x1vvkbs xtlvy1s x126k92a\">\n<div dir=\"auto\">Domingo<\/div>\n<div dir=\"auto\">6.30: Apertura de Direcci\u00f3n de Carrera<\/div>\n<div dir=\"auto\">7.35: Ingreso de tripulaciones a Parque Cerrado<\/div>\n<div dir=\"auto\">7.45: Partida del primer auto desde Parque Cerrado<\/div>\n<div dir=\"auto\">8.30: Partida del primer auto desde Parque de Asistencia<\/div>\n<div dir=\"auto\">8.58: Largada PE5 L\u00ednea Paran\u00e1-Complejo Don Ra\u00fal (III)<\/div>\n<div dir=\"auto\">9.16 Largada PE6 Mbopicu\u00e1-San Alberto (III)<\/div>\n<div dir=\"auto\">11.29 Largada PE7 L\u00ednea Paran\u00e1-Complejo Don Ra\u00fal (IV)<\/div>\n<div dir=\"auto\">11.47: Largada PE8 Mbopicu\u00e1 San Alberto (IV)<\/div>\n<div dir=\"auto\">13.40: Largada S\u00faper Especial<\/div>\n<\/div>\n","protected":false},"excerpt":{"rendered":"<p>El equipo de Puerto Iguaz\u00fa, el Enano Competici\u00f3n larg\u00f3 la 4\u00b0 fecha del Campeonato Misionero<\/p>\n","protected":false},"author":1,"featured_media":52625,"comment_status":"closed","ping_status":"open","sticky":false,"template":"","format":"standard","meta":{"footnotes":""},"categories":[1,223],"tags":[],"class_list":["post-52624","post","type-post","status-publish","format-standard","has-post-thumbnail","hentry","category-actualidad","category-deportes"],"_links":{"self":[{"href":"https:\/\/actualizateiguazu.com\/v3\/wp-json\/wp\/v2\/posts\/52624","targetHints":{"allow":["GET"]}}],"collection":[{"href":"https:\/\/actualizateiguazu.com\/v3\/wp-json\/wp\/v2\/posts"}],"about":[{"href":"https:\/\/actualizateiguazu.com\/v3\/wp-json\/wp\/v2\/types\/post"}],"author":[{"embeddable":true,"href":"https:\/\/actualizateiguazu.com\/v3\/wp-json\/wp\/v2\/users\/1"}],"replies":[{"embeddable":true,"href":"https:\/\/actualizateiguazu.com\/v3\/wp-json\/wp\/v2\/comments?post=52624"}],"version-history":[{"count":2,"href":"https:\/\/actualizateiguazu.com\/v3\/wp-json\/wp\/v2\/posts\/52624\/revisions"}],"predecessor-version":[{"id":52627,"href":"https:\/\/actualizateiguazu.com\/v3\/wp-json\/wp\/v2\/posts\/52624\/revisions\/52627"}],"wp:featuredmedia":[{"embeddable":true,"href":"https:\/\/actualizateiguazu.com\/v3\/wp-json\/wp\/v2\/media\/52625"}],"wp:attachment":[{"href":"https:\/\/actualizateiguazu.com\/v3\/wp-json\/wp\/v2\/media?parent=52624"}],"wp:term":[{"taxonomy":"category","embeddable":true,"href":"https:\/\/actualizateiguazu.com\/v3\/wp-json\/wp\/v2\/categories?post=52624"},{"taxonomy":"post_tag","embeddable":true,"href":"https:\/\/actualizateiguazu.com\/v3\/wp-json\/wp\/v2\/tags?post=52624"}],"curies":[{"name":"wp","href":"https:\/\/api.w.org\/{rel}","templated":true}]}}