{"id":52638,"date":"2025-08-11T06:31:48","date_gmt":"2025-08-11T09:31:48","guid":{"rendered":"https:\/\/actualizateiguazu.com\/v3\/?p=52638"},"modified":"2025-08-11T06:31:48","modified_gmt":"2025-08-11T09:31:48","slug":"bailarina-iguazuense-es-finalista-en-los-martin-fierro-de-la-danza-2025","status":"publish","type":"post","link":"https:\/\/actualizateiguazu.com\/v3\/2025\/08\/11\/bailarina-iguazuense-es-finalista-en-los-martin-fierro-de-la-danza-2025\/","title":{"rendered":"Bailarina Iguazuense es finalista en los Martin Fierro de la Danza 2025"},"content":{"rendered":"<p>Hace pocos d\u00edas Roc\u00edo Morel (16) bailarina profesional de Puerto Iguaz\u00fa particip\u00f3 de la \u00faltima instancia de selecci\u00f3n para participar del Martin Fierro de la Danza 2025. Debido a su excelente performance es finalista del certamen, la gala ser\u00e1 en diciembre.<\/p>\n<p>El Martin Fierro de la Danza, es un evento que busca el reconocimiento del trabajo constante de cada provincia y sus artistas representantes. El proceso de selecci\u00f3n es largo y premia a los artistas que d\u00eda a d\u00eda se esfuerzan por alcanzar sus metas. Roc\u00edo Morel es una joven bailarina que ha trabajado arduamente en su carrera desde que tenia 5 a\u00f1os, fue becada a participar de varias capacitaciones e incluso gano una beca para ir a Miami. Este a\u00f1o logro ingresar al selectivo y logr\u00f3 ser finalista.<\/p>\n<p>En dialogo con este medio Roc\u00edo Morel conto el proceso que vivi\u00f3 en los \u00faltimos meses \u201cComo bailar\u00edn solista, tuve que realizar la primera etapa del casting por medio online, me present\u00e9 con el estilo de Danzas \u00c1rabes y mi Coreograf\u00eda \u00abCisne Negro\u00bb en la cual acompa\u00f1\u00e9 con el Sable, y un gran desaf\u00edo que fue con los ojos vendados\u201d<\/p>\n<p>Con esta coreograf\u00eda Morel busco demostrar las cualidades que un bailar\u00edn \u00e1rabe, la versatilidad y virtudes art\u00edsticas al incluir los elementos, y llevarlos a otro nivel. \u201cMariana Aratto, nuestra representante de Misiones me fue guiando en el proceso, junto a mi directora Silvina Soto, y por supuesto el incondicional apoyo de mis padres, hicimos esto posible. Luego qued\u00e9 preseleccionada presencialmente a nivel Provincial\u201d<\/p>\n<p><img loading=\"lazy\" decoding=\"async\" class=\"alignnone size-full wp-image-52639\" src=\"https:\/\/actualizateiguazu.com\/v3\/wp-content\/uploads\/2025\/08\/WhatsApp-Image-2025-08-10-at-23.00.11-scaled.jpeg\" alt=\"\" width=\"1441\" height=\"2560\" srcset=\"https:\/\/actualizateiguazu.com\/v3\/wp-content\/uploads\/2025\/08\/WhatsApp-Image-2025-08-10-at-23.00.11-scaled.jpeg 1441w, https:\/\/actualizateiguazu.com\/v3\/wp-content\/uploads\/2025\/08\/WhatsApp-Image-2025-08-10-at-23.00.11-169x300.jpeg 169w, https:\/\/actualizateiguazu.com\/v3\/wp-content\/uploads\/2025\/08\/WhatsApp-Image-2025-08-10-at-23.00.11-576x1024.jpeg 576w, https:\/\/actualizateiguazu.com\/v3\/wp-content\/uploads\/2025\/08\/WhatsApp-Image-2025-08-10-at-23.00.11-768x1365.jpeg 768w, https:\/\/actualizateiguazu.com\/v3\/wp-content\/uploads\/2025\/08\/WhatsApp-Image-2025-08-10-at-23.00.11-864x1536.jpeg 864w, https:\/\/actualizateiguazu.com\/v3\/wp-content\/uploads\/2025\/08\/WhatsApp-Image-2025-08-10-at-23.00.11-1153x2048.jpeg 1153w\" sizes=\"auto, (max-width: 1441px) 100vw, 1441px\" \/><\/p>\n<p>Y agreg\u00f3 \u201ctuve la dicha de avanzar, y qued\u00e9 nuevamente preseleccionada entre los participantes. En el mes de Julio, los jurados de honor eligieron a los finalistas. Fui nominada para representar no solamente a Iguaz\u00fa, sino tambi\u00e9n a mi Provincia, junto a otros artistas y grupos de diferentes localidades\u201d<\/p>\n<p>Con respecto a sus expectativas Morel remarc\u00f3 \u201cSiempre he so\u00f1ado, y recuerdo firmemente recalcarle a mi mam\u00e1, en que alg\u00fan d\u00eda podr\u00e9 ser parte del Martin Fierro. Hoy no es solamente una meta m\u00e1s cumplida, sino un reconocimiento a todo el arduo trabajo no solamente m\u00edo, como artista, sino tambi\u00e9n de las personas que me rodean, y creen en m\u00ed y en m\u00ed futuro\u201d<\/p>\n<p>Gala Del Martin Fierro de la Danza ser\u00e1 el 7 de diciembre en CenterGolden Buenos Aires, Capital, all\u00ed reconocer\u00e1n por primera vez a todos los artistas de la Naci\u00f3n, que fueron avanzando cada instancia, para llegar a la alfombra roja.<\/p>\n<p>&nbsp;<\/p>\n","protected":false},"excerpt":{"rendered":"<p>Hace pocos d\u00edas Roc\u00edo Morel (16) bailarina profesional de Puerto Iguaz\u00fa particip\u00f3 de la \u00faltima<\/p>\n","protected":false},"author":1,"featured_media":52640,"comment_status":"closed","ping_status":"open","sticky":false,"template":"","format":"standard","meta":{"footnotes":""},"categories":[1,222,226],"tags":[],"class_list":["post-52638","post","type-post","status-publish","format-standard","has-post-thumbnail","hentry","category-actualidad","category-cultura","category-locales"],"_links":{"self":[{"href":"https:\/\/actualizateiguazu.com\/v3\/wp-json\/wp\/v2\/posts\/52638","targetHints":{"allow":["GET"]}}],"collection":[{"href":"https:\/\/actualizateiguazu.com\/v3\/wp-json\/wp\/v2\/posts"}],"about":[{"href":"https:\/\/actualizateiguazu.com\/v3\/wp-json\/wp\/v2\/types\/post"}],"author":[{"embeddable":true,"href":"https:\/\/actualizateiguazu.com\/v3\/wp-json\/wp\/v2\/users\/1"}],"replies":[{"embeddable":true,"href":"https:\/\/actualizateiguazu.com\/v3\/wp-json\/wp\/v2\/comments?post=52638"}],"version-history":[{"count":1,"href":"https:\/\/actualizateiguazu.com\/v3\/wp-json\/wp\/v2\/posts\/52638\/revisions"}],"predecessor-version":[{"id":52641,"href":"https:\/\/actualizateiguazu.com\/v3\/wp-json\/wp\/v2\/posts\/52638\/revisions\/52641"}],"wp:featuredmedia":[{"embeddable":true,"href":"https:\/\/actualizateiguazu.com\/v3\/wp-json\/wp\/v2\/media\/52640"}],"wp:attachment":[{"href":"https:\/\/actualizateiguazu.com\/v3\/wp-json\/wp\/v2\/media?parent=52638"}],"wp:term":[{"taxonomy":"category","embeddable":true,"href":"https:\/\/actualizateiguazu.com\/v3\/wp-json\/wp\/v2\/categories?post=52638"},{"taxonomy":"post_tag","embeddable":true,"href":"https:\/\/actualizateiguazu.com\/v3\/wp-json\/wp\/v2\/tags?post=52638"}],"curies":[{"name":"wp","href":"https:\/\/api.w.org\/{rel}","templated":true}]}}