{"id":52642,"date":"2025-08-11T14:05:34","date_gmt":"2025-08-11T17:05:34","guid":{"rendered":"https:\/\/actualizateiguazu.com\/v3\/?p=52642"},"modified":"2025-08-11T14:05:34","modified_gmt":"2025-08-11T17:05:34","slug":"lanzaron-la-45a-edicion-de-la-fiesta-nacional-del-inmigrante-en-iguazu","status":"publish","type":"post","link":"https:\/\/actualizateiguazu.com\/v3\/2025\/08\/11\/lanzaron-la-45a-edicion-de-la-fiesta-nacional-del-inmigrante-en-iguazu\/","title":{"rendered":"Lanzaron la 45\u00aa edici\u00f3n de la Fiesta Nacional del Inmigrante en Iguaz\u00fa"},"content":{"rendered":"<p>Esta ma\u00f1ana una comitiva de la Fiesta Nacional del Inmigrante visito Puerto Iguaz\u00fa para el lanzamiento oficial de 45\u00ba edici\u00f3n de la Fiesta Nacional del Inmigrante. Tambi\u00e9n promocionaron la fiesta en el Hito de las Tres Fronteras.<\/p>\n<p>Como Hace 45 a\u00f1os, Ober\u00e1 se viste de fiesta para celebrar a aquellos inmigrantes que arribaron al pa\u00eds y encontraron tierra f\u00e9rtil en Misiones. La 45\u00ba edici\u00f3n de la Fiesta Nacional del Inmigrante se celebrar\u00e1 del 4 al 14 de septiembre. Durante estos d\u00edas 15 colectividades y el pabell\u00f3n argentino exhibir\u00e1n su cultura, m\u00fasica y la diversidad que con caracteriza con una programaci\u00f3n que incluye artistas nacionales y propuestas para todo el p\u00fablico.<\/p>\n<p><img loading=\"lazy\" decoding=\"async\" class=\"alignnone size-full wp-image-52643\" src=\"https:\/\/actualizateiguazu.com\/v3\/wp-content\/uploads\/2025\/08\/IMG_20250811_101429-scaled.jpg\" alt=\"\" width=\"2560\" height=\"1441\" srcset=\"https:\/\/actualizateiguazu.com\/v3\/wp-content\/uploads\/2025\/08\/IMG_20250811_101429-scaled.jpg 2560w, https:\/\/actualizateiguazu.com\/v3\/wp-content\/uploads\/2025\/08\/IMG_20250811_101429-300x169.jpg 300w, https:\/\/actualizateiguazu.com\/v3\/wp-content\/uploads\/2025\/08\/IMG_20250811_101429-1024x576.jpg 1024w, https:\/\/actualizateiguazu.com\/v3\/wp-content\/uploads\/2025\/08\/IMG_20250811_101429-768x432.jpg 768w, https:\/\/actualizateiguazu.com\/v3\/wp-content\/uploads\/2025\/08\/IMG_20250811_101429-1536x864.jpg 1536w, https:\/\/actualizateiguazu.com\/v3\/wp-content\/uploads\/2025\/08\/IMG_20250811_101429-2048x1153.jpg 2048w, https:\/\/actualizateiguazu.com\/v3\/wp-content\/uploads\/2025\/08\/IMG_20250811_101429-800x450.jpg 800w\" sizes=\"auto, (max-width: 2560px) 100vw, 2560px\" \/><\/p>\n<p>La comitiva compuesta por Marta Wieriemiey, presidenta de la Federaci\u00f3n de Colectividades, Cristina Stevenson, directora de Turismo de Ober\u00e1, Nicolas Obreg\u00f3n de la C\u00e1mara de turismo y las soberanas fue recibida por Leopoldo Lucas presidente del Iturem para la presentaci\u00f3n de la fiesta en el sal\u00f3n de usos m\u00faltiples del ITUREM. Desde la organizaci\u00f3n dieron detalles de las novedades para este a\u00f1o, contaran con un patio para ni\u00f1os reformado, 4500 bailarines en el escenario, nuevos platos t\u00edpicos en las colectividades y un escenario alternativo.<\/p>\n<p><img loading=\"lazy\" decoding=\"async\" class=\"alignnone size-full wp-image-52645\" src=\"https:\/\/actualizateiguazu.com\/v3\/wp-content\/uploads\/2025\/08\/IMG_20250811_104823-scaled.jpg\" alt=\"\" width=\"2560\" height=\"1441\" srcset=\"https:\/\/actualizateiguazu.com\/v3\/wp-content\/uploads\/2025\/08\/IMG_20250811_104823-scaled.jpg 2560w, https:\/\/actualizateiguazu.com\/v3\/wp-content\/uploads\/2025\/08\/IMG_20250811_104823-300x169.jpg 300w, https:\/\/actualizateiguazu.com\/v3\/wp-content\/uploads\/2025\/08\/IMG_20250811_104823-1024x576.jpg 1024w, https:\/\/actualizateiguazu.com\/v3\/wp-content\/uploads\/2025\/08\/IMG_20250811_104823-768x432.jpg 768w, https:\/\/actualizateiguazu.com\/v3\/wp-content\/uploads\/2025\/08\/IMG_20250811_104823-1536x864.jpg 1536w, https:\/\/actualizateiguazu.com\/v3\/wp-content\/uploads\/2025\/08\/IMG_20250811_104823-2048x1153.jpg 2048w, https:\/\/actualizateiguazu.com\/v3\/wp-content\/uploads\/2025\/08\/IMG_20250811_104823-800x450.jpg 800w\" sizes=\"auto, (max-width: 2560px) 100vw, 2560px\" \/><\/p>\n<p>Esta una cartelera art\u00edstica confirmada que incluye artistas como Catupecu Machu, Patricia Sosa, Alejandro Lerner, Fabi\u00e1n Meza y el Grupo San Marino, entre otros engalanando las diferentes noches con su tradicional Noche del Mercosur (5\/9), la Noche del Rock (7\/9), la Noche de las Colectividades (10\/9), la Noche de los Cl\u00e1sicos (11\/9), la Noche de la Juventud (12\/9) y la esperada Noche de Oro (13\/9), con la presentaci\u00f3n de Alejandro Lerner.<\/p>\n<p>&nbsp;<\/p>\n","protected":false},"excerpt":{"rendered":"<p>Esta ma\u00f1ana una comitiva de la Fiesta Nacional del Inmigrante visito Puerto Iguaz\u00fa para el<\/p>\n","protected":false},"author":1,"featured_media":52644,"comment_status":"closed","ping_status":"open","sticky":false,"template":"","format":"standard","meta":{"footnotes":""},"categories":[1,226],"tags":[],"class_list":["post-52642","post","type-post","status-publish","format-standard","has-post-thumbnail","hentry","category-actualidad","category-locales"],"_links":{"self":[{"href":"https:\/\/actualizateiguazu.com\/v3\/wp-json\/wp\/v2\/posts\/52642","targetHints":{"allow":["GET"]}}],"collection":[{"href":"https:\/\/actualizateiguazu.com\/v3\/wp-json\/wp\/v2\/posts"}],"about":[{"href":"https:\/\/actualizateiguazu.com\/v3\/wp-json\/wp\/v2\/types\/post"}],"author":[{"embeddable":true,"href":"https:\/\/actualizateiguazu.com\/v3\/wp-json\/wp\/v2\/users\/1"}],"replies":[{"embeddable":true,"href":"https:\/\/actualizateiguazu.com\/v3\/wp-json\/wp\/v2\/comments?post=52642"}],"version-history":[{"count":1,"href":"https:\/\/actualizateiguazu.com\/v3\/wp-json\/wp\/v2\/posts\/52642\/revisions"}],"predecessor-version":[{"id":52646,"href":"https:\/\/actualizateiguazu.com\/v3\/wp-json\/wp\/v2\/posts\/52642\/revisions\/52646"}],"wp:featuredmedia":[{"embeddable":true,"href":"https:\/\/actualizateiguazu.com\/v3\/wp-json\/wp\/v2\/media\/52644"}],"wp:attachment":[{"href":"https:\/\/actualizateiguazu.com\/v3\/wp-json\/wp\/v2\/media?parent=52642"}],"wp:term":[{"taxonomy":"category","embeddable":true,"href":"https:\/\/actualizateiguazu.com\/v3\/wp-json\/wp\/v2\/categories?post=52642"},{"taxonomy":"post_tag","embeddable":true,"href":"https:\/\/actualizateiguazu.com\/v3\/wp-json\/wp\/v2\/tags?post=52642"}],"curies":[{"name":"wp","href":"https:\/\/api.w.org\/{rel}","templated":true}]}}