{"id":52667,"date":"2025-08-12T21:58:49","date_gmt":"2025-08-13T00:58:49","guid":{"rendered":"https:\/\/actualizateiguazu.com\/v3\/?p=52667"},"modified":"2025-08-12T21:58:49","modified_gmt":"2025-08-13T00:58:49","slug":"turistas-volveran-a-disfrutar-del-mirador-del-salto-alvar-nunez-en-cataratas","status":"publish","type":"post","link":"https:\/\/actualizateiguazu.com\/v3\/2025\/08\/12\/turistas-volveran-a-disfrutar-del-mirador-del-salto-alvar-nunez-en-cataratas\/","title":{"rendered":"Turistas volver\u00e1n a disfrutar del mirador del Salto Alvar N\u00fa\u00f1ez en Cataratas"},"content":{"rendered":"<p>Ese sector del circuito inferior estaba cerrado desde la pandemia, con la habilitaci\u00f3n este sector el circuito esta casi completo ya que el balc\u00f3n inferior del salto Bossetti permanece cerrado hace varios a\u00f1os.<\/p>\n<p>El atractivo tur\u00edstico m\u00e1s importante del destino Iguaz\u00fa recupera uno de los balcones m\u00e1s impactantes del circuito inferior para el deleite de los visitantes. Seg\u00fan informaron especialistas del Instituto Nacional de Tecnolog\u00eda Industrial (INTI) realizaron evaluaciones en el Circuito Inferior y elaboraron un informe clave que permiti\u00f3 habilitar nuevamente el tramo que conduce al emblem\u00e1tico salto Alvar N\u00fa\u00f1ez.<\/p>\n<p>Se realizaron inspecciones minuciosas, donde los t\u00e9cnicos determinaron que no existen da\u00f1os en la infraestructura que impidan la reapertura del tramo se encontraba inhabilitado temporalmente debido a derrumbes y crecidas del r\u00edo. A partir de esta recorrida, se elaborar\u00e1 un nuevo informe de asistencia t\u00e9cnica que incluir\u00e1 recomendaciones espec\u00edficas para optimizar el circuito, as\u00ed como establecer controles peri\u00f3dicos permanentes que garanticen su conservaci\u00f3n y seguridad.<\/p>\n<p><img loading=\"lazy\" decoding=\"async\" class=\"alignnone size-full wp-image-52669\" src=\"https:\/\/actualizateiguazu.com\/v3\/wp-content\/uploads\/2025\/08\/Alvar-Nunez_2025_3-scaled.png\" alt=\"\" width=\"2560\" height=\"1706\" srcset=\"https:\/\/actualizateiguazu.com\/v3\/wp-content\/uploads\/2025\/08\/Alvar-Nunez_2025_3-scaled.png 2560w, https:\/\/actualizateiguazu.com\/v3\/wp-content\/uploads\/2025\/08\/Alvar-Nunez_2025_3-300x200.png 300w, https:\/\/actualizateiguazu.com\/v3\/wp-content\/uploads\/2025\/08\/Alvar-Nunez_2025_3-1024x683.png 1024w, https:\/\/actualizateiguazu.com\/v3\/wp-content\/uploads\/2025\/08\/Alvar-Nunez_2025_3-768x512.png 768w, https:\/\/actualizateiguazu.com\/v3\/wp-content\/uploads\/2025\/08\/Alvar-Nunez_2025_3-1536x1024.png 1536w, https:\/\/actualizateiguazu.com\/v3\/wp-content\/uploads\/2025\/08\/Alvar-Nunez_2025_3-2048x1365.png 2048w\" sizes=\"auto, (max-width: 2560px) 100vw, 2560px\" \/><\/p>\n<p>Las verificaciones son resultado de diversas acciones conjuntas entre la Administraci\u00f3n de Parques Nacionales e Iguaz\u00fa Argentina S.A., lo que representa un avance significativo en el proceso de puesta en valor del \u00e1rea. Es una estrategia integral de revalorizaci\u00f3n del Circuito Inferior, con el objetivo de mejorar la experiencia de los visitantes y preservar el entorno natural de las Cataratas del Iguaz\u00fa, Patrimonio Mundial de la Humanidad.<\/p>\n<p>Diche sector recientemente habilitado agrega dificultad al recorrido del circuito inferior pero ofrece una vista \u00fanica del salto Alvar Nu\u00f1ez, cabe destacar que dicho sector es opcional para el visitante.<\/p>\n<p>&nbsp;<\/p>\n","protected":false},"excerpt":{"rendered":"<p>Ese sector del circuito inferior estaba cerrado desde la pandemia, con la habilitaci\u00f3n este sector<\/p>\n","protected":false},"author":1,"featured_media":52668,"comment_status":"closed","ping_status":"open","sticky":false,"template":"","format":"standard","meta":{"footnotes":""},"categories":[1,226,234],"tags":[],"class_list":["post-52667","post","type-post","status-publish","format-standard","has-post-thumbnail","hentry","category-actualidad","category-locales","category-turismo"],"_links":{"self":[{"href":"https:\/\/actualizateiguazu.com\/v3\/wp-json\/wp\/v2\/posts\/52667","targetHints":{"allow":["GET"]}}],"collection":[{"href":"https:\/\/actualizateiguazu.com\/v3\/wp-json\/wp\/v2\/posts"}],"about":[{"href":"https:\/\/actualizateiguazu.com\/v3\/wp-json\/wp\/v2\/types\/post"}],"author":[{"embeddable":true,"href":"https:\/\/actualizateiguazu.com\/v3\/wp-json\/wp\/v2\/users\/1"}],"replies":[{"embeddable":true,"href":"https:\/\/actualizateiguazu.com\/v3\/wp-json\/wp\/v2\/comments?post=52667"}],"version-history":[{"count":1,"href":"https:\/\/actualizateiguazu.com\/v3\/wp-json\/wp\/v2\/posts\/52667\/revisions"}],"predecessor-version":[{"id":52670,"href":"https:\/\/actualizateiguazu.com\/v3\/wp-json\/wp\/v2\/posts\/52667\/revisions\/52670"}],"wp:featuredmedia":[{"embeddable":true,"href":"https:\/\/actualizateiguazu.com\/v3\/wp-json\/wp\/v2\/media\/52668"}],"wp:attachment":[{"href":"https:\/\/actualizateiguazu.com\/v3\/wp-json\/wp\/v2\/media?parent=52667"}],"wp:term":[{"taxonomy":"category","embeddable":true,"href":"https:\/\/actualizateiguazu.com\/v3\/wp-json\/wp\/v2\/categories?post=52667"},{"taxonomy":"post_tag","embeddable":true,"href":"https:\/\/actualizateiguazu.com\/v3\/wp-json\/wp\/v2\/tags?post=52667"}],"curies":[{"name":"wp","href":"https:\/\/api.w.org\/{rel}","templated":true}]}}