{"id":52671,"date":"2025-08-13T21:06:29","date_gmt":"2025-08-14T00:06:29","guid":{"rendered":"https:\/\/actualizateiguazu.com\/v3\/?p=52671"},"modified":"2025-08-13T21:06:29","modified_gmt":"2025-08-14T00:06:29","slug":"iguazu-arrestaron-a-un-hombre-que-ataco-con-un-cuchillo-a-una-remisera","status":"publish","type":"post","link":"https:\/\/actualizateiguazu.com\/v3\/2025\/08\/13\/iguazu-arrestaron-a-un-hombre-que-ataco-con-un-cuchillo-a-una-remisera\/","title":{"rendered":"Iguaz\u00fa: arrestaron a un hombre que atac\u00f3 con un cuchillo a una remisera"},"content":{"rendered":"<p>La v\u00edctima, de 41 a\u00f1os, sufri\u00f3 una herida leve en el pecho y el agresor fue detenido tras una investigaci\u00f3n y el aporte de c\u00e1maras de seguridad. La Polic\u00eda investiga el m\u00f3vil del ataque<\/p>\n<p>Una remisera de 41 a\u00f1os denunci\u00f3 que fue agredida en la madrugada de hoy con un arma blanca por un pasajero, mientras realizaba un traslado en la zona conocida como 600 Hect\u00e1reas, de Puerto Iguaz\u00fa.<\/p>\n<p>Mediante fuentes policiales, El Territorio pudo reconstruir que el hecho ocurri\u00f3 alrededor de las 00:10 de este mi\u00e9rcoles y culmin\u00f3 con la detenci\u00f3n del presunto autor tras un r\u00e1pido operativo policial.<\/p>\n<p>Seg\u00fan el relato de la v\u00edctima, el hombre que viajaba en el asiento trasero la atac\u00f3 sorpresivamente con un cuchillo, provoc\u00e1ndole una lesi\u00f3n en el sector del pecho. Luego, se arroj\u00f3 del veh\u00edculo en movimiento y huy\u00f3. Fue as\u00ed que, ante el ataque, la conductora ingres\u00f3 a un hotel cercano para pedir ayuda y fue trasladada al hospital local, donde el m\u00e9dico policial diagnostic\u00f3 una lesi\u00f3n que no reviste gravedad.<\/p>\n<p>Con la descripci\u00f3n aportada por la damnificada, efectivos de la Unidad Regional V desplegaron un operativo de b\u00fasqueda. En tanto, cerca de las 3:15, el sospechoso fue localizado en la zona y detenido. Se trata de Francisco B., de 42 a\u00f1os, quien qued\u00f3 a disposici\u00f3n de la Justicia.<\/p>\n<p>En el marco de la investigaci\u00f3n, personal de la Seccional Segunda secuestr\u00f3 una motocicleta en la intersecci\u00f3n de las calles Los Inmigrantes y Eldorado, que ser\u00eda propiedad del detenido.<\/p>\n","protected":false},"excerpt":{"rendered":"<p>La v\u00edctima, de 41 a\u00f1os, sufri\u00f3 una herida leve en el pecho y el agresor<\/p>\n","protected":false},"author":1,"featured_media":52672,"comment_status":"closed","ping_status":"open","sticky":false,"template":"","format":"standard","meta":{"footnotes":""},"categories":[1,226,228],"tags":[],"class_list":["post-52671","post","type-post","status-publish","format-standard","has-post-thumbnail","hentry","category-actualidad","category-locales","category-policiales"],"_links":{"self":[{"href":"https:\/\/actualizateiguazu.com\/v3\/wp-json\/wp\/v2\/posts\/52671","targetHints":{"allow":["GET"]}}],"collection":[{"href":"https:\/\/actualizateiguazu.com\/v3\/wp-json\/wp\/v2\/posts"}],"about":[{"href":"https:\/\/actualizateiguazu.com\/v3\/wp-json\/wp\/v2\/types\/post"}],"author":[{"embeddable":true,"href":"https:\/\/actualizateiguazu.com\/v3\/wp-json\/wp\/v2\/users\/1"}],"replies":[{"embeddable":true,"href":"https:\/\/actualizateiguazu.com\/v3\/wp-json\/wp\/v2\/comments?post=52671"}],"version-history":[{"count":1,"href":"https:\/\/actualizateiguazu.com\/v3\/wp-json\/wp\/v2\/posts\/52671\/revisions"}],"predecessor-version":[{"id":52673,"href":"https:\/\/actualizateiguazu.com\/v3\/wp-json\/wp\/v2\/posts\/52671\/revisions\/52673"}],"wp:featuredmedia":[{"embeddable":true,"href":"https:\/\/actualizateiguazu.com\/v3\/wp-json\/wp\/v2\/media\/52672"}],"wp:attachment":[{"href":"https:\/\/actualizateiguazu.com\/v3\/wp-json\/wp\/v2\/media?parent=52671"}],"wp:term":[{"taxonomy":"category","embeddable":true,"href":"https:\/\/actualizateiguazu.com\/v3\/wp-json\/wp\/v2\/categories?post=52671"},{"taxonomy":"post_tag","embeddable":true,"href":"https:\/\/actualizateiguazu.com\/v3\/wp-json\/wp\/v2\/tags?post=52671"}],"curies":[{"name":"wp","href":"https:\/\/api.w.org\/{rel}","templated":true}]}}