{"id":52738,"date":"2025-08-18T11:31:20","date_gmt":"2025-08-18T14:31:20","guid":{"rendered":"https:\/\/actualizateiguazu.com\/v3\/?p=52738"},"modified":"2025-08-18T11:31:20","modified_gmt":"2025-08-18T14:31:20","slug":"cientos-de-fieles-peregrinaron-al-santuario-de-santa-maria-del-yguazu","status":"publish","type":"post","link":"https:\/\/actualizateiguazu.com\/v3\/2025\/08\/18\/cientos-de-fieles-peregrinaron-al-santuario-de-santa-maria-del-yguazu\/","title":{"rendered":"Cientos de fieles peregrinaron al santuario de Santa Mar\u00eda del Yguaz\u00fa"},"content":{"rendered":"<p>Esta popular manifestaci\u00f3n de fe y devoci\u00f3n mariana se desarroll\u00f3 con el lema \u00abCon Mar\u00eda, peregrinos de la Esperanza\u00bb. El obispo, Mons. Nicol\u00e1s Baisi, presidi\u00f3 la misa en el santuario.<\/p>\n<p>En el marco del A\u00f1o Santo convocado por la Iglesia y de la solemnidad de la Asunci\u00f3n de Mar\u00eda, cientos de fieles de la di\u00f3cesis de Puerto Iguaz\u00fa participaron de la\u00a0 38\u00aa Peregrinaci\u00f3n a Santa Mar\u00eda del Yguaz\u00fa, que este a\u00f1o se realiz\u00f3 con el lema, \u00abCon Mar\u00eda, peregrinos de Esperanza\u00bb.<\/p>\n<p>En la noche del viernes 15, j\u00f3venes, familias, adultos y ni\u00f1os partieron desde la parroquia Sagrado Coraz\u00f3n de Jes\u00fas, en Puerto Libertad, para recorrer 42 kil\u00f3metros hasta el santuario de la Virgen del Yguaz\u00fa.<\/p>\n<p><img loading=\"lazy\" decoding=\"async\" class=\"alignnone size-full wp-image-52742\" src=\"https:\/\/actualizateiguazu.com\/v3\/wp-content\/uploads\/2025\/08\/WhatsApp-Image-2025-08-15-at-21.38.01-1.jpeg\" alt=\"\" width=\"1600\" height=\"1200\" srcset=\"https:\/\/actualizateiguazu.com\/v3\/wp-content\/uploads\/2025\/08\/WhatsApp-Image-2025-08-15-at-21.38.01-1.jpeg 1600w, https:\/\/actualizateiguazu.com\/v3\/wp-content\/uploads\/2025\/08\/WhatsApp-Image-2025-08-15-at-21.38.01-1-300x225.jpeg 300w, https:\/\/actualizateiguazu.com\/v3\/wp-content\/uploads\/2025\/08\/WhatsApp-Image-2025-08-15-at-21.38.01-1-1024x768.jpeg 1024w, https:\/\/actualizateiguazu.com\/v3\/wp-content\/uploads\/2025\/08\/WhatsApp-Image-2025-08-15-at-21.38.01-1-768x576.jpeg 768w, https:\/\/actualizateiguazu.com\/v3\/wp-content\/uploads\/2025\/08\/WhatsApp-Image-2025-08-15-at-21.38.01-1-1536x1152.jpeg 1536w, https:\/\/actualizateiguazu.com\/v3\/wp-content\/uploads\/2025\/08\/WhatsApp-Image-2025-08-15-at-21.38.01-1-720x540.jpeg 720w\" sizes=\"auto, (max-width: 1600px) 100vw, 1600px\" \/><\/p>\n<p>Tras una noche de peregrinaci\u00f3n marcada por cantos y oraciones, los fieles llegaron al santuario en la madrugada. Las celebraciones comenzaron a las 4 con las primeras misas, y a las 10 se celebr\u00f3 la Eucarist\u00eda central, presidida por el obispo diocesano, monse\u00f1or Nicol\u00e1s Baisi y concelebrada por sacerdotes.<\/p>\n<p>En la homil\u00eda, el prelado record\u00f3 que \u00absiempre nos llena de alegr\u00eda venir a la casa de nuestra madre, a nuestro santuario diocesano, el lugar donde nos encontramos con Mar\u00eda, nos encontramos tambi\u00e9n con nuestros hermanos, nos encontramos como Iglesia diocesana, con miembros de nuestras parroquias, de las nuestras, de las otras, con todo el pueblo de Dios, dir\u00edamos, reunidos alrededor de Cristo en la casa de Mar\u00eda\u00bb.<\/p>\n<p>\u00abEs un momento siempre de gran alegr\u00eda y por eso venimos a\u00f1o tras a\u00f1o, por eso caminamos, por eso nos esforzamos, por eso dejamos tantas cosas, porque nos trae una gran alegr\u00eda venir y estar con Mar\u00eda y con Jes\u00fas, y con aquellos que aman a Mar\u00eda y aman a Jes\u00fas\u00bb, continu\u00f3.<\/p>\n<p>Monse\u00f1or Baisi manifest\u00f3 que \u00abeste A\u00f1o Jubilar de la Esperanza, adem\u00e1s todav\u00eda la gran alegr\u00eda de que reflexionamos de un modo especial sobre nuestra esperanza, sobre el reino de los cielos, aquello que esperamos, el reino de Dios, que nos atrae, que nos lleva, que impulsa, que gu\u00eda nuestro camino, que es el fin de nuestra existencia, que da sentido a cada una de las obras que realizamos\u00bb.<\/p>\n<p><img loading=\"lazy\" decoding=\"async\" class=\"alignnone size-full wp-image-52740\" src=\"https:\/\/actualizateiguazu.com\/v3\/wp-content\/uploads\/2025\/08\/cientos-de-fieles-peregrinaron-al-santuario-de-santa-maria-del-yguazu-pFhs-1.jpg\" alt=\"\" width=\"750\" height=\"415\" srcset=\"https:\/\/actualizateiguazu.com\/v3\/wp-content\/uploads\/2025\/08\/cientos-de-fieles-peregrinaron-al-santuario-de-santa-maria-del-yguazu-pFhs-1.jpg 750w, https:\/\/actualizateiguazu.com\/v3\/wp-content\/uploads\/2025\/08\/cientos-de-fieles-peregrinaron-al-santuario-de-santa-maria-del-yguazu-pFhs-1-300x166.jpg 300w\" sizes=\"auto, (max-width: 750px) 100vw, 750px\" \/><\/p>\n<p>\u00abEntonces -dijo- celebrar este a\u00f1o esta fiesta de la Asunci\u00f3n de la Virgen, la Virgen Mar\u00eda que es llevada por Dios en cuerpo y alma a su casa, a la casa de Dios, el cielo. Decimos el cielo para decir el lugar de Dios, la plenitud m\u00e1xima. Dios la ha llevado consigo, la ha elevado toda ella, no simplemente su esp\u00edritu, sino su esp\u00edritu y su cuerpo, toda. Y eso nos muestra tambi\u00e9n nuestro modo de vivir y nuestro modo de alegrarnos plenamente todos nosotros\u00bb.<\/p>\n<p>Subray\u00f3 que \u00abla vida cristiana es una vida de seguimiento de Jes\u00fas. Y Jes\u00fas es Dios eterno, infinito, que no se puede ver, que se hizo hombre, visible, temporal, que se hizo como nosotros. Entonces podemos verlo, tocarlo, seguirlo, acompa\u00f1arlo\u00bb.<\/p>\n<p>Finalmente, monse\u00f1or Baisi anim\u00f3 a \u00abpedirle que nuestra vida diocesana en manos de la Virgen crezca cada d\u00eda m\u00e1s, que las comunidades parroquiales que se van desarrollando, las capillas que van avanzando, que van evangelizando, las misiones que se van realizando, que el Se\u00f1or nos muestre su camino, que el Se\u00f1or nos muestre su amor, que podamos alegrarnos en su amor en esta vida y en toda la eternidad\u00bb.<\/p>\n<p>La caminata hacia el santuario se consolid\u00f3 una vez m\u00e1s como un encuentro comunitario que reuni\u00f3 a parroquias, capillas y movimientos, mostrando que la fe sigue siendo motor de unidad y alegr\u00eda para la di\u00f3cesis. Adem\u00e1s, este a\u00f1o se dio inicio a la bici peregrinaci\u00f3n y tambi\u00e9n de modo particular se realiz\u00f3 una gran pe\u00f1a extendiendo as\u00ed el clima festivo hasta la tarde.<\/p>\n","protected":false},"excerpt":{"rendered":"<p>Esta popular manifestaci\u00f3n de fe y devoci\u00f3n mariana se desarroll\u00f3 con el lema \u00abCon Mar\u00eda,<\/p>\n","protected":false},"author":1,"featured_media":52741,"comment_status":"closed","ping_status":"open","sticky":false,"template":"","format":"standard","meta":{"footnotes":""},"categories":[1,226],"tags":[],"class_list":["post-52738","post","type-post","status-publish","format-standard","has-post-thumbnail","hentry","category-actualidad","category-locales"],"_links":{"self":[{"href":"https:\/\/actualizateiguazu.com\/v3\/wp-json\/wp\/v2\/posts\/52738","targetHints":{"allow":["GET"]}}],"collection":[{"href":"https:\/\/actualizateiguazu.com\/v3\/wp-json\/wp\/v2\/posts"}],"about":[{"href":"https:\/\/actualizateiguazu.com\/v3\/wp-json\/wp\/v2\/types\/post"}],"author":[{"embeddable":true,"href":"https:\/\/actualizateiguazu.com\/v3\/wp-json\/wp\/v2\/users\/1"}],"replies":[{"embeddable":true,"href":"https:\/\/actualizateiguazu.com\/v3\/wp-json\/wp\/v2\/comments?post=52738"}],"version-history":[{"count":1,"href":"https:\/\/actualizateiguazu.com\/v3\/wp-json\/wp\/v2\/posts\/52738\/revisions"}],"predecessor-version":[{"id":52743,"href":"https:\/\/actualizateiguazu.com\/v3\/wp-json\/wp\/v2\/posts\/52738\/revisions\/52743"}],"wp:featuredmedia":[{"embeddable":true,"href":"https:\/\/actualizateiguazu.com\/v3\/wp-json\/wp\/v2\/media\/52741"}],"wp:attachment":[{"href":"https:\/\/actualizateiguazu.com\/v3\/wp-json\/wp\/v2\/media?parent=52738"}],"wp:term":[{"taxonomy":"category","embeddable":true,"href":"https:\/\/actualizateiguazu.com\/v3\/wp-json\/wp\/v2\/categories?post=52738"},{"taxonomy":"post_tag","embeddable":true,"href":"https:\/\/actualizateiguazu.com\/v3\/wp-json\/wp\/v2\/tags?post=52738"}],"curies":[{"name":"wp","href":"https:\/\/api.w.org\/{rel}","templated":true}]}}