{"id":52752,"date":"2025-08-18T18:40:16","date_gmt":"2025-08-18T21:40:16","guid":{"rendered":"https:\/\/actualizateiguazu.com\/v3\/?p=52752"},"modified":"2025-08-18T18:40:16","modified_gmt":"2025-08-18T21:40:16","slug":"la-e-p-e-t-n4-habilito-un-formulario-de-preinscripcion-para-el-ciclo-lectivo-2026","status":"publish","type":"post","link":"https:\/\/actualizateiguazu.com\/v3\/2025\/08\/18\/la-e-p-e-t-n4-habilito-un-formulario-de-preinscripcion-para-el-ciclo-lectivo-2026\/","title":{"rendered":"La E.P.E.T. N\u00b04 habilit\u00f3 un formulario de preinscripci\u00f3n para el Ciclo lectivo 2026"},"content":{"rendered":"<p>La EPET N\u00ba 4 habilit\u00f3 un formulario de preinscripci\u00f3n para el ciclo lectivo 2026, esta dirigido a los alumnos que culminan la escuela primaria. El establecimiento ofrece tres carreras t\u00e9cnicas con t\u00edtulo intermedio habilitante.<\/p>\n<p>Con el objetivo de prever la matr\u00edcula para el a\u00f1o que viene, la direcci\u00f3n de la EPET N\u00ba 4 habilito un formulario virtual con el objetivo de iniciar el proceso de preinscripci\u00f3n para ingresantes. Este formulario tiene como objetivo recopilar los datos personales del alumno\/a y su tutor\/a, as\u00ed como la modalidad t\u00e9cnica elegida para el ciclo 2026. Cabe destacar que la inscripci\u00f3n definitiva se realiza de manera presencial, sin excepci\u00f3n con toda la documentaci\u00f3n solicitada.<\/p>\n<p>El establecimiento escolar ofrece tres modalidades de tecnicaturas que culminan con un titulo intermedio habilitante para ejercer. Son 6 a\u00f1os de cursado, uno mas que los bachilleratos, esto se debe a la profesionalizaci\u00f3n de los alumnos que terminan el ciclo con una formaci\u00f3n t\u00e9cnica. Las carreras son Maestro Mayor de Obras, T\u00e9cnico en Gesti\u00f3n y administraci\u00f3n de las Organizaciones y T\u00e9cnico en inform\u00e1tica profesional y personal.<\/p>\n<p><img loading=\"lazy\" decoding=\"async\" class=\"alignnone size-full wp-image-52753\" src=\"https:\/\/actualizateiguazu.com\/v3\/wp-content\/uploads\/2025\/08\/IMG_20231110_163759605-scaled.jpg\" alt=\"\" width=\"2560\" height=\"1440\" srcset=\"https:\/\/actualizateiguazu.com\/v3\/wp-content\/uploads\/2025\/08\/IMG_20231110_163759605-scaled.jpg 2560w, https:\/\/actualizateiguazu.com\/v3\/wp-content\/uploads\/2025\/08\/IMG_20231110_163759605-300x169.jpg 300w, https:\/\/actualizateiguazu.com\/v3\/wp-content\/uploads\/2025\/08\/IMG_20231110_163759605-1024x576.jpg 1024w, https:\/\/actualizateiguazu.com\/v3\/wp-content\/uploads\/2025\/08\/IMG_20231110_163759605-768x432.jpg 768w, https:\/\/actualizateiguazu.com\/v3\/wp-content\/uploads\/2025\/08\/IMG_20231110_163759605-1536x864.jpg 1536w, https:\/\/actualizateiguazu.com\/v3\/wp-content\/uploads\/2025\/08\/IMG_20231110_163759605-2048x1152.jpg 2048w, https:\/\/actualizateiguazu.com\/v3\/wp-content\/uploads\/2025\/08\/IMG_20231110_163759605-800x450.jpg 800w\" sizes=\"auto, (max-width: 2560px) 100vw, 2560px\" \/><\/p>\n<p>El Maestro Mayor de Obras est\u00e1 capacitado para analizar las necesidades de un cliente y elaborar el programa de necesidades, elaborar anteproyectos de soluciones espaciales edilicias constructivas t\u00e9cnicas para un programa de necesidades determinado, proyectar soluciones espaciales edilicias, constructivas y t\u00e9cnicas para un anteproyecto determinado, dirigir la ejecuci\u00f3n de procesos constructivos en genera y asesorar t\u00e9cnicamente a terceros.<\/p>\n<p>El T\u00e9cnico en Gesti\u00f3n y Administraci\u00f3n de las Organizaciones est\u00e1 capacitado, organizar, programar, ejecutar y controlar las operaciones comerciales, financieras y administrativas de la organizaci\u00f3n, elaborar, controlar y registrar el flujo de informaci\u00f3n, organizar y planificar los recursos requeridos para desarrollar sus actividades interactuando con el entorno y participando en la toma de decisiones relacionadas con sus actividades, dise\u00f1ar y gestionar Proyectos Organizacionales, aplicando criterios de direcci\u00f3n y planeamiento estrat\u00e9gico, incorporar destrezas y habilidades desarrollando una mirada cr\u00edtica a los cambios, la iniciativa propia, la plasticidad en el pensar y actuar, el pensamiento estrat\u00e9gico, la conducta \u00e9tica, criterio de calidad total, la creatividad y la l\u00f3gica de la atenci\u00f3n al cliente.<\/p>\n<p><img loading=\"lazy\" decoding=\"async\" class=\"alignnone size-full wp-image-52755\" src=\"https:\/\/actualizateiguazu.com\/v3\/wp-content\/uploads\/2025\/08\/IMG_20241114_112312552-scaled.jpg\" alt=\"\" width=\"2560\" height=\"1920\" srcset=\"https:\/\/actualizateiguazu.com\/v3\/wp-content\/uploads\/2025\/08\/IMG_20241114_112312552-scaled.jpg 2560w, https:\/\/actualizateiguazu.com\/v3\/wp-content\/uploads\/2025\/08\/IMG_20241114_112312552-300x225.jpg 300w, https:\/\/actualizateiguazu.com\/v3\/wp-content\/uploads\/2025\/08\/IMG_20241114_112312552-1024x768.jpg 1024w, https:\/\/actualizateiguazu.com\/v3\/wp-content\/uploads\/2025\/08\/IMG_20241114_112312552-768x576.jpg 768w, https:\/\/actualizateiguazu.com\/v3\/wp-content\/uploads\/2025\/08\/IMG_20241114_112312552-1536x1152.jpg 1536w, https:\/\/actualizateiguazu.com\/v3\/wp-content\/uploads\/2025\/08\/IMG_20241114_112312552-2048x1536.jpg 2048w, https:\/\/actualizateiguazu.com\/v3\/wp-content\/uploads\/2025\/08\/IMG_20241114_112312552-720x540.jpg 720w\" sizes=\"auto, (max-width: 2560px) 100vw, 2560px\" \/><\/p>\n<p>El t\u00e9cnico en Inform\u00e1tica Profesional y Personal podr\u00e1 desempe\u00f1arse en un \u00e1rea ocupacional que incluye, fundamentalmente, actividades de apoyo y asistencia a los usuarios y\/o organizaciones de inform\u00e1tica, La oferta formativa en Inform\u00e1tica Profesional y Personal estar\u00e1 orientada a cinco \u00e1mbitos profesionales de desempe\u00f1o: Hardware \u2013 Software \u2013 Redes \u2013 Programaci\u00f3n y Autogesti\u00f3n.<\/p>\n<p>Para realizar la preinscripci\u00f3n deben ingresar al siguiente link <a href=\"https:\/\/forms.gle\/p1F8NNjMZ67F2Twp9\">https:\/\/forms.gle\/p1F8NNjMZ67F2Twp9<\/a><\/p>\n<p>&nbsp;<\/p>\n","protected":false},"excerpt":{"rendered":"<p>La EPET N\u00ba 4 habilit\u00f3 un formulario de preinscripci\u00f3n para el ciclo lectivo 2026, esta<\/p>\n","protected":false},"author":1,"featured_media":52754,"comment_status":"closed","ping_status":"open","sticky":false,"template":"","format":"standard","meta":{"footnotes":""},"categories":[1,226],"tags":[],"class_list":["post-52752","post","type-post","status-publish","format-standard","has-post-thumbnail","hentry","category-actualidad","category-locales"],"_links":{"self":[{"href":"https:\/\/actualizateiguazu.com\/v3\/wp-json\/wp\/v2\/posts\/52752","targetHints":{"allow":["GET"]}}],"collection":[{"href":"https:\/\/actualizateiguazu.com\/v3\/wp-json\/wp\/v2\/posts"}],"about":[{"href":"https:\/\/actualizateiguazu.com\/v3\/wp-json\/wp\/v2\/types\/post"}],"author":[{"embeddable":true,"href":"https:\/\/actualizateiguazu.com\/v3\/wp-json\/wp\/v2\/users\/1"}],"replies":[{"embeddable":true,"href":"https:\/\/actualizateiguazu.com\/v3\/wp-json\/wp\/v2\/comments?post=52752"}],"version-history":[{"count":1,"href":"https:\/\/actualizateiguazu.com\/v3\/wp-json\/wp\/v2\/posts\/52752\/revisions"}],"predecessor-version":[{"id":52756,"href":"https:\/\/actualizateiguazu.com\/v3\/wp-json\/wp\/v2\/posts\/52752\/revisions\/52756"}],"wp:featuredmedia":[{"embeddable":true,"href":"https:\/\/actualizateiguazu.com\/v3\/wp-json\/wp\/v2\/media\/52754"}],"wp:attachment":[{"href":"https:\/\/actualizateiguazu.com\/v3\/wp-json\/wp\/v2\/media?parent=52752"}],"wp:term":[{"taxonomy":"category","embeddable":true,"href":"https:\/\/actualizateiguazu.com\/v3\/wp-json\/wp\/v2\/categories?post=52752"},{"taxonomy":"post_tag","embeddable":true,"href":"https:\/\/actualizateiguazu.com\/v3\/wp-json\/wp\/v2\/tags?post=52752"}],"curies":[{"name":"wp","href":"https:\/\/api.w.org\/{rel}","templated":true}]}}