{"id":52760,"date":"2025-08-20T12:08:39","date_gmt":"2025-08-20T15:08:39","guid":{"rendered":"https:\/\/actualizateiguazu.com\/v3\/?p=52760"},"modified":"2025-08-20T12:08:39","modified_gmt":"2025-08-20T15:08:39","slug":"constataron-tala-de-arboles-nativos-en-la-comunidad-ita-poty-miri-de-puerto-iguazu","status":"publish","type":"post","link":"https:\/\/actualizateiguazu.com\/v3\/2025\/08\/20\/constataron-tala-de-arboles-nativos-en-la-comunidad-ita-poty-miri-de-puerto-iguazu\/","title":{"rendered":"Constataron tala de \u00e1rboles nativos en la comunidad Ita Poty Mir\u00ed de Puerto Iguaz\u00fa"},"content":{"rendered":"<p>Desde el \u00e1rea de control Forestal del Ministerio de Ecolog\u00eda indicaron que se trata de \u00e1rboles nativos, pero no es monumento natural. Solicitar\u00e1n la intervenci\u00f3n de asuntos guaran\u00edes.<\/p>\n<p>Personal de las \u00e1reas de Control Forestal y la Direcci\u00f3n de \u00c1reas Naturales Protegidas del Ministerio de Ecolog\u00eda y Recursos Naturales Renovables junto con la Polic\u00eda de Medio Ambiente y Delitos Rurales llev\u00f3 a cabo un procedimiento de control ambiental en la comunidad Ita Poty Mir\u00ed de Puerto Iguaz\u00fa. En el relevamiento se constat\u00f3 algunas intervenciones recientes sobre especies nativas.<\/p>\n<p><img loading=\"lazy\" decoding=\"async\" class=\"alignnone size-full wp-image-52761\" src=\"https:\/\/actualizateiguazu.com\/v3\/wp-content\/uploads\/2025\/08\/WhatsApp-Image-2025-08-20-at-11.53.10.jpeg\" alt=\"\" width=\"1200\" height=\"675\" srcset=\"https:\/\/actualizateiguazu.com\/v3\/wp-content\/uploads\/2025\/08\/WhatsApp-Image-2025-08-20-at-11.53.10.jpeg 1200w, https:\/\/actualizateiguazu.com\/v3\/wp-content\/uploads\/2025\/08\/WhatsApp-Image-2025-08-20-at-11.53.10-300x169.jpeg 300w, https:\/\/actualizateiguazu.com\/v3\/wp-content\/uploads\/2025\/08\/WhatsApp-Image-2025-08-20-at-11.53.10-1024x576.jpeg 1024w, https:\/\/actualizateiguazu.com\/v3\/wp-content\/uploads\/2025\/08\/WhatsApp-Image-2025-08-20-at-11.53.10-768x432.jpeg 768w, https:\/\/actualizateiguazu.com\/v3\/wp-content\/uploads\/2025\/08\/WhatsApp-Image-2025-08-20-at-11.53.10-800x450.jpeg 800w\" sizes=\"auto, (max-width: 1200px) 100vw, 1200px\" \/><\/p>\n<p>Se trata de un ejemplar de \u00e1rbol nativo, no correspondiente a un monumento natural de la provincia, que fue trozado presuntamente con fines de elaboraci\u00f3n de artesan\u00edas. Asimismo, se hall\u00f3 una mesa de madera recientemente construida y otras intervenciones de data m\u00e1s antigua.<\/p>\n<p>El procedimiento incluy\u00f3 el registro fotogr\u00e1fico de las observaciones realizadas, as\u00ed como la filmaci\u00f3n del sector intervenido, material que se utilizar\u00e1 para el correspondiente an\u00e1lisis. Cabe se\u00f1alar que lo constatado en el lugar ser\u00e1 informado a la Direcci\u00f3n de Asuntos Guaran\u00edes a los efectos de su intervenci\u00f3n en el caso.<\/p>\n","protected":false},"excerpt":{"rendered":"<p>Desde el \u00e1rea de control Forestal del Ministerio de Ecolog\u00eda indicaron que se trata de<\/p>\n","protected":false},"author":1,"featured_media":52762,"comment_status":"closed","ping_status":"open","sticky":false,"template":"","format":"standard","meta":{"footnotes":""},"categories":[1,237,226],"tags":[],"class_list":["post-52760","post","type-post","status-publish","format-standard","has-post-thumbnail","hentry","category-actualidad","category-ecologia","category-locales"],"_links":{"self":[{"href":"https:\/\/actualizateiguazu.com\/v3\/wp-json\/wp\/v2\/posts\/52760","targetHints":{"allow":["GET"]}}],"collection":[{"href":"https:\/\/actualizateiguazu.com\/v3\/wp-json\/wp\/v2\/posts"}],"about":[{"href":"https:\/\/actualizateiguazu.com\/v3\/wp-json\/wp\/v2\/types\/post"}],"author":[{"embeddable":true,"href":"https:\/\/actualizateiguazu.com\/v3\/wp-json\/wp\/v2\/users\/1"}],"replies":[{"embeddable":true,"href":"https:\/\/actualizateiguazu.com\/v3\/wp-json\/wp\/v2\/comments?post=52760"}],"version-history":[{"count":1,"href":"https:\/\/actualizateiguazu.com\/v3\/wp-json\/wp\/v2\/posts\/52760\/revisions"}],"predecessor-version":[{"id":52763,"href":"https:\/\/actualizateiguazu.com\/v3\/wp-json\/wp\/v2\/posts\/52760\/revisions\/52763"}],"wp:featuredmedia":[{"embeddable":true,"href":"https:\/\/actualizateiguazu.com\/v3\/wp-json\/wp\/v2\/media\/52762"}],"wp:attachment":[{"href":"https:\/\/actualizateiguazu.com\/v3\/wp-json\/wp\/v2\/media?parent=52760"}],"wp:term":[{"taxonomy":"category","embeddable":true,"href":"https:\/\/actualizateiguazu.com\/v3\/wp-json\/wp\/v2\/categories?post=52760"},{"taxonomy":"post_tag","embeddable":true,"href":"https:\/\/actualizateiguazu.com\/v3\/wp-json\/wp\/v2\/tags?post=52760"}],"curies":[{"name":"wp","href":"https:\/\/api.w.org\/{rel}","templated":true}]}}