{"id":52799,"date":"2025-08-22T16:57:01","date_gmt":"2025-08-22T19:57:01","guid":{"rendered":"https:\/\/actualizateiguazu.com\/v3\/?p=52799"},"modified":"2025-08-22T16:57:01","modified_gmt":"2025-08-22T19:57:01","slug":"el-hogar-de-iguazu-celebro-un-nuevo-aniversario-y-el-dia-del-nino","status":"publish","type":"post","link":"https:\/\/actualizateiguazu.com\/v3\/2025\/08\/22\/el-hogar-de-iguazu-celebro-un-nuevo-aniversario-y-el-dia-del-nino\/","title":{"rendered":"El Hogar de Iguaz\u00fa celebr\u00f3 un nuevo aniversario y el d\u00eda del ni\u00f1o"},"content":{"rendered":"<p>La celebraci\u00f3n se vivi\u00f3 en el play\u00f3n y el patio de la instituci\u00f3n con una kerm\u00e9s, distintos juegos y actividades recreativas, color y mucho brillo.<\/p>\n<p>Familias, instituciones educativas, representantes de organismos p\u00fablicos acompa\u00f1aron a la gran familia del Hogar de D\u00eda en el festejo doble por el aniversario de la instituci\u00f3n y el d\u00eda del ni\u00f1o. El hogar de d\u00eda mantiene abiertas sus puertas para la atenci\u00f3n integral de la ni\u00f1ez y adolescencia y cuenta adem\u00e1s con un consultorio de atenci\u00f3n integral adolescente abierto a la comunidad.<\/p>\n<p><img loading=\"lazy\" decoding=\"async\" class=\"alignnone size-full wp-image-52800\" src=\"https:\/\/actualizateiguazu.com\/v3\/wp-content\/uploads\/2025\/08\/Hogar-Iguazu-festejo-11\u00b0-aniversario-y-Mes-de-la-Ninez-1.jpg\" alt=\"\" width=\"1600\" height=\"1066\" srcset=\"https:\/\/actualizateiguazu.com\/v3\/wp-content\/uploads\/2025\/08\/Hogar-Iguazu-festejo-11\u00b0-aniversario-y-Mes-de-la-Ninez-1.jpg 1600w, https:\/\/actualizateiguazu.com\/v3\/wp-content\/uploads\/2025\/08\/Hogar-Iguazu-festejo-11\u00b0-aniversario-y-Mes-de-la-Ninez-1-300x200.jpg 300w, https:\/\/actualizateiguazu.com\/v3\/wp-content\/uploads\/2025\/08\/Hogar-Iguazu-festejo-11\u00b0-aniversario-y-Mes-de-la-Ninez-1-1024x682.jpg 1024w, https:\/\/actualizateiguazu.com\/v3\/wp-content\/uploads\/2025\/08\/Hogar-Iguazu-festejo-11\u00b0-aniversario-y-Mes-de-la-Ninez-1-768x512.jpg 768w, https:\/\/actualizateiguazu.com\/v3\/wp-content\/uploads\/2025\/08\/Hogar-Iguazu-festejo-11\u00b0-aniversario-y-Mes-de-la-Ninez-1-1536x1023.jpg 1536w\" sizes=\"auto, (max-width: 1600px) 100vw, 1600px\" \/><\/p>\n<p>La ceremonia que estuvo encabezada por el Secretario de Estado de Prevenci\u00f3n de Adicciones y Control de Drogas, Roberto Padilla, la Subsecretaria de Atenci\u00f3n Integral de la Ni\u00f1ez, Adolescencia y Familia, Marlenne Abrile; el Subsecretario de Abordaje de las Adicciones, Gustavo Mar\u00edn, la Directora Gral. Elda Barboza y la directora Natalia Ceballos.<\/p>\n<p>La directora del Hogar Natalia Ceballos, destac\u00f3 el acompa\u00f1amiento de las empresas privadas, hoteles, comercios que si bien de manera constante est\u00e1n colaborando, en esta oportunidad se realiz\u00f3 el lanzamiento del programa \u201cAliados del Ma\u00f1ana\u201d con el fin de seguir articulando de manera espec\u00edfica. \u201cQueremos agradecer a las empresas que est\u00e1n comprometidas con el sector p\u00fablico\u201d.<\/p>\n<p><img loading=\"lazy\" decoding=\"async\" class=\"alignnone size-full wp-image-52802\" src=\"https:\/\/actualizateiguazu.com\/v3\/wp-content\/uploads\/2025\/08\/Hogar-Iguazu-festejo-11\u00b0-aniversario-y-Mes-de-la-Ninez.jpg\" alt=\"\" width=\"1600\" height=\"1066\" srcset=\"https:\/\/actualizateiguazu.com\/v3\/wp-content\/uploads\/2025\/08\/Hogar-Iguazu-festejo-11\u00b0-aniversario-y-Mes-de-la-Ninez.jpg 1600w, https:\/\/actualizateiguazu.com\/v3\/wp-content\/uploads\/2025\/08\/Hogar-Iguazu-festejo-11\u00b0-aniversario-y-Mes-de-la-Ninez-300x200.jpg 300w, https:\/\/actualizateiguazu.com\/v3\/wp-content\/uploads\/2025\/08\/Hogar-Iguazu-festejo-11\u00b0-aniversario-y-Mes-de-la-Ninez-1024x682.jpg 1024w, https:\/\/actualizateiguazu.com\/v3\/wp-content\/uploads\/2025\/08\/Hogar-Iguazu-festejo-11\u00b0-aniversario-y-Mes-de-la-Ninez-768x512.jpg 768w, https:\/\/actualizateiguazu.com\/v3\/wp-content\/uploads\/2025\/08\/Hogar-Iguazu-festejo-11\u00b0-aniversario-y-Mes-de-la-Ninez-1536x1023.jpg 1536w\" sizes=\"auto, (max-width: 1600px) 100vw, 1600px\" \/><\/p>\n<p>Adem\u00e1s, extendi\u00f3 el agradecimiento a las escuelas y distintas instituciones educativas que tambi\u00e9n se suman y organizan actividades, generan donaciones, siempre para articular y acompa\u00f1ar a los ni\u00f1os del Hogar.<\/p>\n<p>El Secretario de Estado aplaudi\u00f3 la solidaridad que se destaca con el Hogar de Iguaz\u00fa y se realiz\u00f3 la entrega de Certificados de Reconocimiento por el compromiso social a distintos hoteles, comercios e Institutos que siempre est\u00e1n presentes.<\/p>\n","protected":false},"excerpt":{"rendered":"<p>La celebraci\u00f3n se vivi\u00f3 en el play\u00f3n y el patio de la instituci\u00f3n con una<\/p>\n","protected":false},"author":1,"featured_media":52801,"comment_status":"closed","ping_status":"open","sticky":false,"template":"","format":"standard","meta":{"footnotes":""},"categories":[1,226],"tags":[],"class_list":["post-52799","post","type-post","status-publish","format-standard","has-post-thumbnail","hentry","category-actualidad","category-locales"],"_links":{"self":[{"href":"https:\/\/actualizateiguazu.com\/v3\/wp-json\/wp\/v2\/posts\/52799","targetHints":{"allow":["GET"]}}],"collection":[{"href":"https:\/\/actualizateiguazu.com\/v3\/wp-json\/wp\/v2\/posts"}],"about":[{"href":"https:\/\/actualizateiguazu.com\/v3\/wp-json\/wp\/v2\/types\/post"}],"author":[{"embeddable":true,"href":"https:\/\/actualizateiguazu.com\/v3\/wp-json\/wp\/v2\/users\/1"}],"replies":[{"embeddable":true,"href":"https:\/\/actualizateiguazu.com\/v3\/wp-json\/wp\/v2\/comments?post=52799"}],"version-history":[{"count":1,"href":"https:\/\/actualizateiguazu.com\/v3\/wp-json\/wp\/v2\/posts\/52799\/revisions"}],"predecessor-version":[{"id":52803,"href":"https:\/\/actualizateiguazu.com\/v3\/wp-json\/wp\/v2\/posts\/52799\/revisions\/52803"}],"wp:featuredmedia":[{"embeddable":true,"href":"https:\/\/actualizateiguazu.com\/v3\/wp-json\/wp\/v2\/media\/52801"}],"wp:attachment":[{"href":"https:\/\/actualizateiguazu.com\/v3\/wp-json\/wp\/v2\/media?parent=52799"}],"wp:term":[{"taxonomy":"category","embeddable":true,"href":"https:\/\/actualizateiguazu.com\/v3\/wp-json\/wp\/v2\/categories?post=52799"},{"taxonomy":"post_tag","embeddable":true,"href":"https:\/\/actualizateiguazu.com\/v3\/wp-json\/wp\/v2\/tags?post=52799"}],"curies":[{"name":"wp","href":"https:\/\/api.w.org\/{rel}","templated":true}]}}