{"id":52827,"date":"2025-08-25T10:49:04","date_gmt":"2025-08-25T13:49:04","guid":{"rendered":"https:\/\/actualizateiguazu.com\/v3\/?p=52827"},"modified":"2025-08-25T10:49:04","modified_gmt":"2025-08-25T13:49:04","slug":"habria-abusado-filmado-y-amenazado-de-muerte-a-sus-hijastras-fue-detenido","status":"publish","type":"post","link":"https:\/\/actualizateiguazu.com\/v3\/2025\/08\/25\/habria-abusado-filmado-y-amenazado-de-muerte-a-sus-hijastras-fue-detenido\/","title":{"rendered":"habr\u00eda abusado, filmado y amenazado de muerte a sus hijastras: fue detenido"},"content":{"rendered":"<p>El hombre se encontraba pr\u00f3fugo de la justicia fue arrestado al regresar a Iguaz\u00fa fue detenido. Habr\u00eda abusado y amenazado a las ni\u00f1as durante 4 a\u00f1os.<\/p>\n<p>En la tarde de ayer, efectivos de la Comisar\u00eda de la Mujer de Puerto Iguaz\u00fa detuvieron a Jonatan F.\u00a0 de 26 a\u00f1os en el marco de una causa por abuso, como as\u00ed tambi\u00e9n amenazas y difusi\u00f3n de im\u00e1genes, en perjuicio de dos ni\u00f1as de 11 y 15 a\u00f1os.<\/p>\n<p>La investigaci\u00f3n se inici\u00f3 el pasado 8 de agosto, a partir de la denuncia de la madre de las v\u00edctimas, quien manifest\u00f3 que sus hijas le hab\u00eda confesado haber sido sometidas a abusos desde hac\u00eda cuatro a\u00f1os atr\u00e1s, por parte de su padrastro, quien adem\u00e1s las habr\u00eda amenazado de muerte y obligado a realizar grabaciones.<\/p>\n<p>Tras tomar conocimiento de lo sucedido, los uniformados comenzaron las tareas investigativas, donde determinaron que el acusado habr\u00eda huido hacia la Rep\u00fablica del Paraguay por un paso clandestino, motivo por el cual se dispuso un operativo de b\u00fasqueda, conforme a lo ordenado por el Juzgado interviniente.<\/p>\n<p>Asimismo, a partir de datos aportados por vecinos de la zona, el sindicado se encontrar\u00eda nuevamente en el pa\u00eds, fue as\u00ed que los investigadores comenzaron los rastrillajes, dando con el sujeto en el Barrio San Juan de dicha localidad, donde se procedi\u00f3 a su detenci\u00f3n y al secuestro de su tel\u00e9fono celular.<\/p>\n<p>Finalmente, el detenido junto con el tel\u00e9fono fueron llevados a sede policial quedando a disposici\u00f3n de la Justicia.<\/p>\n","protected":false},"excerpt":{"rendered":"<p>El hombre se encontraba pr\u00f3fugo de la justicia fue arrestado al regresar a Iguaz\u00fa fue<\/p>\n","protected":false},"author":1,"featured_media":52828,"comment_status":"closed","ping_status":"open","sticky":false,"template":"","format":"standard","meta":{"footnotes":""},"categories":[1,226,228],"tags":[],"class_list":["post-52827","post","type-post","status-publish","format-standard","has-post-thumbnail","hentry","category-actualidad","category-locales","category-policiales"],"_links":{"self":[{"href":"https:\/\/actualizateiguazu.com\/v3\/wp-json\/wp\/v2\/posts\/52827","targetHints":{"allow":["GET"]}}],"collection":[{"href":"https:\/\/actualizateiguazu.com\/v3\/wp-json\/wp\/v2\/posts"}],"about":[{"href":"https:\/\/actualizateiguazu.com\/v3\/wp-json\/wp\/v2\/types\/post"}],"author":[{"embeddable":true,"href":"https:\/\/actualizateiguazu.com\/v3\/wp-json\/wp\/v2\/users\/1"}],"replies":[{"embeddable":true,"href":"https:\/\/actualizateiguazu.com\/v3\/wp-json\/wp\/v2\/comments?post=52827"}],"version-history":[{"count":1,"href":"https:\/\/actualizateiguazu.com\/v3\/wp-json\/wp\/v2\/posts\/52827\/revisions"}],"predecessor-version":[{"id":52829,"href":"https:\/\/actualizateiguazu.com\/v3\/wp-json\/wp\/v2\/posts\/52827\/revisions\/52829"}],"wp:featuredmedia":[{"embeddable":true,"href":"https:\/\/actualizateiguazu.com\/v3\/wp-json\/wp\/v2\/media\/52828"}],"wp:attachment":[{"href":"https:\/\/actualizateiguazu.com\/v3\/wp-json\/wp\/v2\/media?parent=52827"}],"wp:term":[{"taxonomy":"category","embeddable":true,"href":"https:\/\/actualizateiguazu.com\/v3\/wp-json\/wp\/v2\/categories?post=52827"},{"taxonomy":"post_tag","embeddable":true,"href":"https:\/\/actualizateiguazu.com\/v3\/wp-json\/wp\/v2\/tags?post=52827"}],"curies":[{"name":"wp","href":"https:\/\/api.w.org\/{rel}","templated":true}]}}