{"id":52845,"date":"2025-08-25T21:52:48","date_gmt":"2025-08-26T00:52:48","guid":{"rendered":"https:\/\/actualizateiguazu.com\/v3\/?p=52845"},"modified":"2025-08-25T21:52:48","modified_gmt":"2025-08-26T00:52:48","slug":"reunen-firmas-para-exigir-la-finalizacion-de-la-obra-de-refaccion-de-la-escuela-746-sudamerica","status":"publish","type":"post","link":"https:\/\/actualizateiguazu.com\/v3\/2025\/08\/25\/reunen-firmas-para-exigir-la-finalizacion-de-la-obra-de-refaccion-de-la-escuela-746-sudamerica\/","title":{"rendered":"Re\u00fanen firmas para exigir la finalizaci\u00f3n de la obra de refacci\u00f3n de la escuela 746 Sudam\u00e9rica"},"content":{"rendered":"<p>Se cumplen 10 a\u00f1os desde que los padres y docentes tomaron el predio de la escuela 746 Sudam\u00e9rica para exigir reformas. Los alumnos fueron trasladados a otro predio que comparten con otra escuela y contin\u00faan sin respuestas.<\/p>\n<p>Una mezcla de sentimientos expresan padres, alumnos, docentes y directivos de la escuela N\u00ba 746 Sudam\u00e9rica ante la larga espera por respuestas ante el pedido de \u201cVolver a casa\u201d. Hace 10 a\u00f1os debieron tomar las instalaciones del establecimiento escolar para ser escuchados por el Gobierno quienes procedieron a cambiarlos de predio con la promesa de reformas, pero hasta el momento no lograron volver al barrio. La obra es llevada adelante por el IProDHa, todos los a\u00f1os a principio del ciclo lectivo la reactiva, pero la detiene unas semanas despu\u00e9s.<\/p>\n<p><img loading=\"lazy\" decoding=\"async\" class=\"alignnone size-full wp-image-52847\" src=\"https:\/\/actualizateiguazu.com\/v3\/wp-content\/uploads\/2025\/08\/538980102_1245866877339950_9135493606697255155_n.jpg\" alt=\"\" width=\"1280\" height=\"853\" srcset=\"https:\/\/actualizateiguazu.com\/v3\/wp-content\/uploads\/2025\/08\/538980102_1245866877339950_9135493606697255155_n.jpg 1280w, https:\/\/actualizateiguazu.com\/v3\/wp-content\/uploads\/2025\/08\/538980102_1245866877339950_9135493606697255155_n-300x200.jpg 300w, https:\/\/actualizateiguazu.com\/v3\/wp-content\/uploads\/2025\/08\/538980102_1245866877339950_9135493606697255155_n-1024x682.jpg 1024w, https:\/\/actualizateiguazu.com\/v3\/wp-content\/uploads\/2025\/08\/538980102_1245866877339950_9135493606697255155_n-768x512.jpg 768w\" sizes=\"auto, (max-width: 1280px) 100vw, 1280px\" \/><\/p>\n<p>El edificio tenia una serie de falencias y era un peligro inminente para los alumnos ya que varias paredes estaban electrificadas entre otros problemas edilicios, seg\u00fan consta en el informe que realizo el arquitecto Alejandro Ver\u00f3n actual concejal de la oposici\u00f3n. Tras los reclamos, el Concejo General de Educaci\u00f3n traslado al establecimiento al predio de la escuela 615, perjudicando a los alumnos de ese establecimiento ya que debieron modificar la curricula porque este \u00faltimo era la \u00fanica escuela de jornada completa de Puerto Iguaz\u00fa.<\/p>\n<p>Hace ya varios a\u00f1os los padres y docentes elevan sus reclamos bajo el lema \u201cQueremos Volver a casa\u201d y en ese marco se realizo una asamblea el pasado viernes 22 de agosto donde decidieron juntar firmas para exigir al gobierno provincial que culmine las obras as\u00ed los alumnos pueden empezar el ciclo lectivo 2026 en su casa.<\/p>\n<p>A trav\u00e9s de las redes sociales comunicaron que la comunidad educativa de la escuela 746 Sudam\u00e9rica reunida en asamblea en fecha 22\/08\/25 ha decidido Firmar un petitorio bajo el lema \u201cQueremos volver a casa\u201d dirigida a las autoridades gubernamentales y educativas solicitando la culminaci\u00f3n de las obras del edificio escolar para el inicio del ciclo lectivo 2026 \u201ceste a\u00f1o se cumplen 10 a\u00f1os sin edificio propio\u201d remarcaron<\/p>\n<p>Respecto a las obras se han elevado pedido de informe de los avances de la misma, no obstante no se han obtenido respuestas al respecto.<\/p>\n","protected":false},"excerpt":{"rendered":"<p>Se cumplen 10 a\u00f1os desde que los padres y docentes tomaron el predio de la<\/p>\n","protected":false},"author":1,"featured_media":52846,"comment_status":"closed","ping_status":"open","sticky":false,"template":"","format":"standard","meta":{"footnotes":""},"categories":[1,226],"tags":[],"class_list":["post-52845","post","type-post","status-publish","format-standard","has-post-thumbnail","hentry","category-actualidad","category-locales"],"_links":{"self":[{"href":"https:\/\/actualizateiguazu.com\/v3\/wp-json\/wp\/v2\/posts\/52845","targetHints":{"allow":["GET"]}}],"collection":[{"href":"https:\/\/actualizateiguazu.com\/v3\/wp-json\/wp\/v2\/posts"}],"about":[{"href":"https:\/\/actualizateiguazu.com\/v3\/wp-json\/wp\/v2\/types\/post"}],"author":[{"embeddable":true,"href":"https:\/\/actualizateiguazu.com\/v3\/wp-json\/wp\/v2\/users\/1"}],"replies":[{"embeddable":true,"href":"https:\/\/actualizateiguazu.com\/v3\/wp-json\/wp\/v2\/comments?post=52845"}],"version-history":[{"count":1,"href":"https:\/\/actualizateiguazu.com\/v3\/wp-json\/wp\/v2\/posts\/52845\/revisions"}],"predecessor-version":[{"id":52848,"href":"https:\/\/actualizateiguazu.com\/v3\/wp-json\/wp\/v2\/posts\/52845\/revisions\/52848"}],"wp:featuredmedia":[{"embeddable":true,"href":"https:\/\/actualizateiguazu.com\/v3\/wp-json\/wp\/v2\/media\/52846"}],"wp:attachment":[{"href":"https:\/\/actualizateiguazu.com\/v3\/wp-json\/wp\/v2\/media?parent=52845"}],"wp:term":[{"taxonomy":"category","embeddable":true,"href":"https:\/\/actualizateiguazu.com\/v3\/wp-json\/wp\/v2\/categories?post=52845"},{"taxonomy":"post_tag","embeddable":true,"href":"https:\/\/actualizateiguazu.com\/v3\/wp-json\/wp\/v2\/tags?post=52845"}],"curies":[{"name":"wp","href":"https:\/\/api.w.org\/{rel}","templated":true}]}}