{"id":52861,"date":"2025-08-27T16:18:01","date_gmt":"2025-08-27T19:18:01","guid":{"rendered":"https:\/\/actualizateiguazu.com\/v3\/?p=52861"},"modified":"2025-08-27T16:18:13","modified_gmt":"2025-08-27T19:18:13","slug":"concejales-piden-que-se-finalicen-de-forma-urgente-las-obras-de-la-escuela-746-sudamerica","status":"publish","type":"post","link":"https:\/\/actualizateiguazu.com\/v3\/2025\/08\/27\/concejales-piden-que-se-finalicen-de-forma-urgente-las-obras-de-la-escuela-746-sudamerica\/","title":{"rendered":"Concejales piden que se finalicen de forma urgente las obras de la escuela 746 Sudam\u00e9rica"},"content":{"rendered":"<p>Se trata de un proyecto de comunicaci\u00f3n que tomar\u00e1 estado parlamentario en la sesi\u00f3n del Concejo Deliberante este jueves. El bloque opositor solicitar\u00e1 su tratamiento sobre tablas.<\/p>\n<p>Los innumerables pedidos de la comunidad educativa de la escuela N\u00ba 746 son de publico conocimiento, el reclamo de finalizaci\u00f3n de las obras es de vieja data ya que el establecimiento funciona de prestado en el espacio f\u00edsico de otro establecimiento hace 10 a\u00f1os. El pasado viernes hubo una asamblea donde se decidi\u00f3 volver a exigir que se culminan las obras y as\u00ed volver a casa para el inicio del ciclo lectivo 2026. El concejal Alejandro Ver\u00f3n acompa\u00f1ado de sus pares del bloque juntos presento un pedido de comunicaci\u00f3n y pretende que se trate sobre tablas.<\/p>\n<p>La problem\u00e1tica de la escuela N\u00ba 746 \u201cSudam\u00e9rica\u201d no es ajena para el edil Alejandro Ver\u00f3n ya que fue el en el rol de arquitecto en el a\u00f1o 2015 que elevo un informe del mal estado de las instalaciones del predio, detallando las fisuras en las columnas, las paredes electrificadas entre otros problemas que pon\u00edan en peligro a los alumnos y docentes. Desde ese momento se involucr\u00f3 con la comunidad educativa y siempre elevo los reclamos correspondientes. En esta oportunidad en su car\u00e1cter de autoridad elegida por el pueblo, present\u00f3 un pedido de comunicaci\u00f3n expediente 51\/25 que tomar\u00e1 estado parlamentario en la sesi\u00f3n del Honorable Concejo Deliberante del pr\u00f3ximo jueves 28 de agosto.<\/p>\n<p><img loading=\"lazy\" decoding=\"async\" class=\"alignnone size-full wp-image-52863\" src=\"https:\/\/actualizateiguazu.com\/v3\/wp-content\/uploads\/2025\/08\/WhatsApp-Image-2025-08-27-at-12.06.46.jpeg\" alt=\"\" width=\"900\" height=\"1600\" srcset=\"https:\/\/actualizateiguazu.com\/v3\/wp-content\/uploads\/2025\/08\/WhatsApp-Image-2025-08-27-at-12.06.46.jpeg 900w, https:\/\/actualizateiguazu.com\/v3\/wp-content\/uploads\/2025\/08\/WhatsApp-Image-2025-08-27-at-12.06.46-169x300.jpeg 169w, https:\/\/actualizateiguazu.com\/v3\/wp-content\/uploads\/2025\/08\/WhatsApp-Image-2025-08-27-at-12.06.46-576x1024.jpeg 576w, https:\/\/actualizateiguazu.com\/v3\/wp-content\/uploads\/2025\/08\/WhatsApp-Image-2025-08-27-at-12.06.46-768x1365.jpeg 768w, https:\/\/actualizateiguazu.com\/v3\/wp-content\/uploads\/2025\/08\/WhatsApp-Image-2025-08-27-at-12.06.46-864x1536.jpeg 864w\" sizes=\"auto, (max-width: 900px) 100vw, 900px\" \/><\/p>\n<p>Si bien el expediente 51\/25 no est\u00e1 dentro del orden del d\u00eda donde la mayor\u00eda de los proyectos son cambio de circulaci\u00f3n de las calles y avenidas, el edil adelanto que solicitara su tratamiento sobre tablas para ello cuenta con el apoyo de sus pares del bloque Cambiemos, y espera contar con el acompa\u00f1amiento de los dem\u00e1s ediles oficialistas. \u201cEl objetivo es tratarlo sobre tablas, espero el acompa\u00f1amiento, es una cuesti\u00f3n urgente, pasaron 10 a\u00f1os y la comunidad educativa continua sin respuestas o plazos\u201d remarc\u00f3<\/p>\n<p>El proyecto de comunicaci\u00f3n remarca la urgencia del tratamiento del tema y busca instar al al Departamento Ejecutivo Municipal, y por su intermedio, al Ministerio de Educaci\u00f3n Provincial, y al Consejo General de Educaci\u00f3n de la Provincia de Misiones a que resuelvan con car\u00e1cter urgente, e instrumenten los mecanismos necesarios, para finalizar las obras inherentes a la construcci\u00f3n del edificio de la Escuela N\u00b0746, \u201cSudam\u00e9rica\u201d. Obras que se han demorado m\u00e1s de 10 a\u00f1os desde su inicio.<\/p>\n<p>Cabe destacar que el sector de nivel inicial ha finalizado, all\u00ed funcionan las salas de 4 y 5, no obstante los dem\u00e1s salones contin\u00faan en construcci\u00f3n y que la obra est\u00e1 paralizada nuevamente. El ultimo cartel de obra indicaba que el plazo de la obra era 18 meses, sin embargo hace 10 a\u00f1os esperan la culminaci\u00f3n de la misma.<\/p>\n<p>&nbsp;<\/p>\n","protected":false},"excerpt":{"rendered":"<p>Se trata de un proyecto de comunicaci\u00f3n que tomar\u00e1 estado parlamentario en la sesi\u00f3n del<\/p>\n","protected":false},"author":1,"featured_media":52862,"comment_status":"closed","ping_status":"open","sticky":false,"template":"","format":"standard","meta":{"footnotes":""},"categories":[1,226],"tags":[],"class_list":["post-52861","post","type-post","status-publish","format-standard","has-post-thumbnail","hentry","category-actualidad","category-locales"],"_links":{"self":[{"href":"https:\/\/actualizateiguazu.com\/v3\/wp-json\/wp\/v2\/posts\/52861","targetHints":{"allow":["GET"]}}],"collection":[{"href":"https:\/\/actualizateiguazu.com\/v3\/wp-json\/wp\/v2\/posts"}],"about":[{"href":"https:\/\/actualizateiguazu.com\/v3\/wp-json\/wp\/v2\/types\/post"}],"author":[{"embeddable":true,"href":"https:\/\/actualizateiguazu.com\/v3\/wp-json\/wp\/v2\/users\/1"}],"replies":[{"embeddable":true,"href":"https:\/\/actualizateiguazu.com\/v3\/wp-json\/wp\/v2\/comments?post=52861"}],"version-history":[{"count":1,"href":"https:\/\/actualizateiguazu.com\/v3\/wp-json\/wp\/v2\/posts\/52861\/revisions"}],"predecessor-version":[{"id":52864,"href":"https:\/\/actualizateiguazu.com\/v3\/wp-json\/wp\/v2\/posts\/52861\/revisions\/52864"}],"wp:featuredmedia":[{"embeddable":true,"href":"https:\/\/actualizateiguazu.com\/v3\/wp-json\/wp\/v2\/media\/52862"}],"wp:attachment":[{"href":"https:\/\/actualizateiguazu.com\/v3\/wp-json\/wp\/v2\/media?parent=52861"}],"wp:term":[{"taxonomy":"category","embeddable":true,"href":"https:\/\/actualizateiguazu.com\/v3\/wp-json\/wp\/v2\/categories?post=52861"},{"taxonomy":"post_tag","embeddable":true,"href":"https:\/\/actualizateiguazu.com\/v3\/wp-json\/wp\/v2\/tags?post=52861"}],"curies":[{"name":"wp","href":"https:\/\/api.w.org\/{rel}","templated":true}]}}