{"id":52901,"date":"2025-08-30T18:59:27","date_gmt":"2025-08-30T21:59:27","guid":{"rendered":"https:\/\/actualizateiguazu.com\/v3\/?p=52901"},"modified":"2025-08-30T18:59:27","modified_gmt":"2025-08-30T21:59:27","slug":"integrantes-de-la-comunidad-yryapu-disfrutaron-del-cielo-desde-otra-optica","status":"publish","type":"post","link":"https:\/\/actualizateiguazu.com\/v3\/2025\/08\/30\/integrantes-de-la-comunidad-yryapu-disfrutaron-del-cielo-desde-otra-optica\/","title":{"rendered":"Integrantes de la comunidad Yryapu disfrutaron del cielo desde otra \u00f3ptica"},"content":{"rendered":"<p>El viernes se llev\u00f3 a cabo una charla de astronom\u00eda guaran\u00ed en el marco del proyecto 4 estaciones que lleva adelante el IMiBio en la comunidad Mbya. Los presentes pudieron ver la luna de cerca a trav\u00e9s de los telescopios.<\/p>\n<p>En el marco del proyecto 4 Estaciones de la Selva que comenz\u00f3 hace dos a\u00f1os en la comunidad Mbya Yryapu promovida por el Instituto Misionero de Biodiversidad se realiz\u00f3 una charla de divulgaci\u00f3n e intercambio sobre astronom\u00eda intercultural a cargo del grupo Astro Iguaz\u00fa. La actividad fue muy interesante ya que hubo perfecto ensamble de la astronom\u00eda occidental con la guaran\u00ed. Los integrantes de la comunidad aportaron datos acerca de los significados de la v\u00eda L\u00e1ctea entre otros conceptos.<\/p>\n<p>Este encuentro se da en la tercera etapa del proyecto 4 estaciones de la selva del Instituto Misionero de Biodiversidad que se da en el marco del programa nacional Ciencia Ciudadana del ex Ministerio de Ciencia Y tecnolog\u00eda, que subsidia proyectos que contempla diversos temas relacionados en sociedad y al cuerpo acad\u00e9mico. En el caso de este proyecto 4 Estaciones de la Selva, desde el Instituto aprovecharon el programa nacional para formaliza los lazos con la comunidad Yryap\u00fa.<\/p>\n<p><img loading=\"lazy\" decoding=\"async\" class=\"alignnone size-full wp-image-52904\" src=\"https:\/\/actualizateiguazu.com\/v3\/wp-content\/uploads\/2025\/08\/IMG_20250829_195410-scaled.jpg\" alt=\"\" width=\"2560\" height=\"1928\" srcset=\"https:\/\/actualizateiguazu.com\/v3\/wp-content\/uploads\/2025\/08\/IMG_20250829_195410-scaled.jpg 2560w, https:\/\/actualizateiguazu.com\/v3\/wp-content\/uploads\/2025\/08\/IMG_20250829_195410-300x226.jpg 300w, https:\/\/actualizateiguazu.com\/v3\/wp-content\/uploads\/2025\/08\/IMG_20250829_195410-1024x771.jpg 1024w, https:\/\/actualizateiguazu.com\/v3\/wp-content\/uploads\/2025\/08\/IMG_20250829_195410-768x578.jpg 768w, https:\/\/actualizateiguazu.com\/v3\/wp-content\/uploads\/2025\/08\/IMG_20250829_195410-1536x1157.jpg 1536w, https:\/\/actualizateiguazu.com\/v3\/wp-content\/uploads\/2025\/08\/IMG_20250829_195410-2048x1542.jpg 2048w\" sizes=\"auto, (max-width: 2560px) 100vw, 2560px\" \/><\/p>\n<p>\u201cAprovechamos para trabajar con la comunidad de j\u00f3venes y capacitarnos mutuamente de c\u00f3mo entender la biodiversidad de la aldea, digo mutuamente porque nosotros aportamos nuestros conocimientos occidentales por as\u00ed decirlo, nuestras t\u00e9cnicas de muestreo y nuestras formas de entender la naturaleza, pero tambi\u00e9n deseamos que ellos nos cuenten la suya, no solo los j\u00f3venes si no los adultos y as\u00ed recuperar la relaci\u00f3n entre las generaci\u00f3n y recuperar la cultura guaran\u00ed que a veces se pierde\u201d explico Alejandro Saint Stevens bi\u00f3logo y coordinador del proyecto 4 Estaciones de la Selva.<\/p>\n<p>El proyecto conta de 3 etapas, la primera etapa comenz\u00f3 a fines del 2023 y consisti\u00f3 en crear una buena relaci\u00f3n con los j\u00f3venes poder lograr un intercambio y un acercamiento. La segunda estuvo abocada a realizar el muestreo de la biodiversidad para responder la pregunta del proyecto que es conocer la l\u00ednea de base de diversidad de la aldea Yryap\u00fa.<\/p>\n<p><img loading=\"lazy\" decoding=\"async\" class=\"alignnone size-full wp-image-52903\" src=\"https:\/\/actualizateiguazu.com\/v3\/wp-content\/uploads\/2025\/08\/IMG_20250829_194654.jpg\" alt=\"\" width=\"1080\" height=\"1920\" srcset=\"https:\/\/actualizateiguazu.com\/v3\/wp-content\/uploads\/2025\/08\/IMG_20250829_194654.jpg 1080w, https:\/\/actualizateiguazu.com\/v3\/wp-content\/uploads\/2025\/08\/IMG_20250829_194654-169x300.jpg 169w, https:\/\/actualizateiguazu.com\/v3\/wp-content\/uploads\/2025\/08\/IMG_20250829_194654-576x1024.jpg 576w, https:\/\/actualizateiguazu.com\/v3\/wp-content\/uploads\/2025\/08\/IMG_20250829_194654-768x1365.jpg 768w, https:\/\/actualizateiguazu.com\/v3\/wp-content\/uploads\/2025\/08\/IMG_20250829_194654-864x1536.jpg 864w\" sizes=\"auto, (max-width: 1080px) 100vw, 1080px\" \/><\/p>\n<p>\u201cPara eso en las 4 estaciones del a\u00f1o hicimos muestreos de suelo de artr\u00f3podos, de hongos, observaci\u00f3n de aves entre otros. los j\u00f3venes tomaron las muestras fuimos al laboratorio, ellos procesaron las muestras, hicieron colonias de bacterias. Fue un aprendizaje para ambos porque vimos la motivaci\u00f3n de ellos en este trabajo\u201d remarc\u00f3 Saint Stevens<\/p>\n<p>Ahora el proyecto esta en la etapa de procesar resultados y generar la informaci\u00f3n y producto informativos del trabajo llevado adelante. \u201cNosotros queremos que la comunidad tenga la informaci\u00f3n, ya sea para el turismo para la educaci\u00f3n y tambi\u00e9n fomentar con esto el inter\u00e9s cient\u00edfico en los j\u00f3venes\u201d<\/p>\n<p>Y para fomentar el inter\u00e9s de los j\u00f3venes en otro \u00e1mbito desde el Imibio invitaron a Astos Iguaz\u00fa para brindar una charla que conjugue la astronom\u00eda occidental con la astronom\u00eda Mbya Guarani.<\/p>\n<p><img loading=\"lazy\" decoding=\"async\" class=\"alignnone size-full wp-image-52902\" src=\"https:\/\/actualizateiguazu.com\/v3\/wp-content\/uploads\/2025\/08\/IMG_20250829_194603-scaled.jpg\" alt=\"\" width=\"2560\" height=\"1928\" srcset=\"https:\/\/actualizateiguazu.com\/v3\/wp-content\/uploads\/2025\/08\/IMG_20250829_194603-scaled.jpg 2560w, https:\/\/actualizateiguazu.com\/v3\/wp-content\/uploads\/2025\/08\/IMG_20250829_194603-300x226.jpg 300w, https:\/\/actualizateiguazu.com\/v3\/wp-content\/uploads\/2025\/08\/IMG_20250829_194603-1024x771.jpg 1024w, https:\/\/actualizateiguazu.com\/v3\/wp-content\/uploads\/2025\/08\/IMG_20250829_194603-768x578.jpg 768w, https:\/\/actualizateiguazu.com\/v3\/wp-content\/uploads\/2025\/08\/IMG_20250829_194603-1536x1157.jpg 1536w, https:\/\/actualizateiguazu.com\/v3\/wp-content\/uploads\/2025\/08\/IMG_20250829_194603-2048x1542.jpg 2048w\" sizes=\"auto, (max-width: 2560px) 100vw, 2560px\" \/><\/p>\n<p>Por su parte Franco Silva Viera de Astro Iguaz\u00fa indic\u00f3 \u201cb\u00e1sicamente lo que nosotros buscamos con esta actividades es acercar el cielo a la comunidad local y aprender de ellos y darle una oportunidad de ver el cielo con un telescopio por primera vez. Pero lo principal es intercambiar conocimiento y ver que conocen ellos del cielo\u201d<\/p>\n<p>La actividad comenz\u00f3 con una merienda, con reviro y mate cocida, luego pasaron al quincho donde se brindo una charla donde el grupo de Astros Iguaz\u00fa, donde compartieron sus conocimientos de la ciencia sobre la astrolog\u00eda pero incluyendo la mitolog\u00eda guaran\u00ed, en ese punto los capacitadores pudieron nutrir sus conocimientos con el intercambio de saberes con los j\u00f3venes.<\/p>\n<p>Por ultimo los presentes utilizaron los Telescopios asesorados del grupo Astros Iguaz\u00fa cerrando con broche de oro la actividad que culmino con muchas risas y asombro por parte de los mas peque\u00f1os al ver los cr\u00e1teres de la luna.<\/p>\n<p>&nbsp;<\/p>\n<p>&nbsp;<\/p>\n<p>bi\u00f3logo Alejandro Saint Steven coordinador el proyecto<\/p>\n<p>&nbsp;<\/p>\n","protected":false},"excerpt":{"rendered":"<p>El viernes se llev\u00f3 a cabo una charla de astronom\u00eda guaran\u00ed en el marco del<\/p>\n","protected":false},"author":1,"featured_media":52905,"comment_status":"closed","ping_status":"open","sticky":false,"template":"","format":"standard","meta":{"footnotes":""},"categories":[1,226],"tags":[],"class_list":["post-52901","post","type-post","status-publish","format-standard","has-post-thumbnail","hentry","category-actualidad","category-locales"],"_links":{"self":[{"href":"https:\/\/actualizateiguazu.com\/v3\/wp-json\/wp\/v2\/posts\/52901","targetHints":{"allow":["GET"]}}],"collection":[{"href":"https:\/\/actualizateiguazu.com\/v3\/wp-json\/wp\/v2\/posts"}],"about":[{"href":"https:\/\/actualizateiguazu.com\/v3\/wp-json\/wp\/v2\/types\/post"}],"author":[{"embeddable":true,"href":"https:\/\/actualizateiguazu.com\/v3\/wp-json\/wp\/v2\/users\/1"}],"replies":[{"embeddable":true,"href":"https:\/\/actualizateiguazu.com\/v3\/wp-json\/wp\/v2\/comments?post=52901"}],"version-history":[{"count":1,"href":"https:\/\/actualizateiguazu.com\/v3\/wp-json\/wp\/v2\/posts\/52901\/revisions"}],"predecessor-version":[{"id":52906,"href":"https:\/\/actualizateiguazu.com\/v3\/wp-json\/wp\/v2\/posts\/52901\/revisions\/52906"}],"wp:featuredmedia":[{"embeddable":true,"href":"https:\/\/actualizateiguazu.com\/v3\/wp-json\/wp\/v2\/media\/52905"}],"wp:attachment":[{"href":"https:\/\/actualizateiguazu.com\/v3\/wp-json\/wp\/v2\/media?parent=52901"}],"wp:term":[{"taxonomy":"category","embeddable":true,"href":"https:\/\/actualizateiguazu.com\/v3\/wp-json\/wp\/v2\/categories?post=52901"},{"taxonomy":"post_tag","embeddable":true,"href":"https:\/\/actualizateiguazu.com\/v3\/wp-json\/wp\/v2\/tags?post=52901"}],"curies":[{"name":"wp","href":"https:\/\/api.w.org\/{rel}","templated":true}]}}