{"id":52937,"date":"2025-09-02T08:15:19","date_gmt":"2025-09-02T11:15:19","guid":{"rendered":"https:\/\/actualizateiguazu.com\/v3\/?p=52937"},"modified":"2025-09-02T08:15:19","modified_gmt":"2025-09-02T11:15:19","slug":"se-celebro-la-santa-misa-por-el-cuidado-de-la-creacion-en-el-balcon-bella-vista-en-cataratas","status":"publish","type":"post","link":"https:\/\/actualizateiguazu.com\/v3\/2025\/09\/02\/se-celebro-la-santa-misa-por-el-cuidado-de-la-creacion-en-el-balcon-bella-vista-en-cataratas\/","title":{"rendered":"Se celebr\u00f3 la Santa Misa por el Cuidado de la Creaci\u00f3n en el balc\u00f3n Bella Vista en Cataratas"},"content":{"rendered":"<p>En el bello e imponente marco de las Cataratas del Iguaz\u00fa se concret\u00f3 la santa misa. La celebraci\u00f3n se realiz\u00f3 seg\u00fan el nuevo formulario lit\u00fargico por la Custodia de la Creaci\u00f3n<\/p>\n<p>La misa se celebr\u00f3 a las 17.30 horas del lunes en el balc\u00f3n Bella Vista de la Maravilla Natural, no es la primera vez que se realizan misas en el \u00e1rea protegida pero es la primera celebrada bajo el nuevo formulario. La Eucarist\u00eda fue presidida por monse\u00f1or Nicol\u00e1s Baisi, obispo de Puerto Iguaz\u00fa, acompa\u00f1ado por sacerdotes y di\u00e1conos de la di\u00f3cesis. Participaron tambi\u00e9n miembros de Parques Nacionales, trabajadores del \u00e1rea de servicios y numerosos laicos.<\/p>\n<p>En su homil\u00eda, el obispo cit\u00f3 a san Agust\u00edn: \u00abInterroga a la belleza de la tierra, interroga a la belleza del mar, interroga a la belleza del aire que se dilata y se difunde, interroga a la belleza del cielo [&#8230;] interroga a todas estas realidades. Todas te responden: \u201cM\u00edranos, somos bellas\u201d. Su belleza es su proclamaci\u00f3n (confessio). Y estas bellezas sujetas a cambio, \u00bfqui\u00e9n las ha hecho sino la Suma Belleza (Pulcher), no sujeta a cambio?\u00bb (Sermo 241, 2; PL 38, 1134).<\/p>\n<p><img loading=\"lazy\" decoding=\"async\" class=\"alignnone size-full wp-image-52938\" src=\"https:\/\/actualizateiguazu.com\/v3\/wp-content\/uploads\/2025\/09\/WhatsApp-Image-2025-09-01-at-21.33.13-1.jpeg\" alt=\"\" width=\"1280\" height=\"960\" srcset=\"https:\/\/actualizateiguazu.com\/v3\/wp-content\/uploads\/2025\/09\/WhatsApp-Image-2025-09-01-at-21.33.13-1.jpeg 1280w, https:\/\/actualizateiguazu.com\/v3\/wp-content\/uploads\/2025\/09\/WhatsApp-Image-2025-09-01-at-21.33.13-1-300x225.jpeg 300w, https:\/\/actualizateiguazu.com\/v3\/wp-content\/uploads\/2025\/09\/WhatsApp-Image-2025-09-01-at-21.33.13-1-1024x768.jpeg 1024w, https:\/\/actualizateiguazu.com\/v3\/wp-content\/uploads\/2025\/09\/WhatsApp-Image-2025-09-01-at-21.33.13-1-768x576.jpeg 768w, https:\/\/actualizateiguazu.com\/v3\/wp-content\/uploads\/2025\/09\/WhatsApp-Image-2025-09-01-at-21.33.13-1-720x540.jpeg 720w\" sizes=\"auto, (max-width: 1280px) 100vw, 1280px\" \/><\/p>\n<p>Record\u00f3 que la Creaci\u00f3n nos habla de Dios Creador, que con sabidur\u00eda y amor lo hizo todo, invit\u00e1ndonos a la alabanza y remiti\u00e9ndonos a Alguien m\u00e1s grande y eterno, fundamento del mundo que pasa. \u00abResuena su eco por toda la tierra\u00bb, dice el salmo: la creaci\u00f3n nos habla de Dios, aunque no lo veamos. Por eso \u2014 a\u00f1adi\u00f3\u2014 debemos cuidar este don que hemos recibido, sin olvidar que su finalidad no es en s\u00ed misma, sino conducirnos a la vida eterna. El libro del G\u00e9nesis ense\u00f1a que todo fue creado para el hombre, pero el hombre fue creado para el descanso en Dios.<\/p>\n<p>La celebraci\u00f3n se realiz\u00f3 seg\u00fan el nuevo formulario lit\u00fargico por la Custodia de la Creaci\u00f3n, y se rez\u00f3 la Misa por difuntos guardaparques Jorge Cieslik, Bernab\u00e9 M\u00e9ndez y Ricardo Melzew, fallecidos cuidando el Parque Nacional Iguaz\u00fa.<\/p>\n<p>La Eucarist\u00eda reuni\u00f3 as\u00ed a diversos protagonistas vinculados al cuidado del Parque Nacional Iguaz\u00fa, en el marco de la X Jornada Mundial de Oraci\u00f3n por la Custodia de la Creaci\u00f3n.<\/p>\n","protected":false},"excerpt":{"rendered":"<p>En el bello e imponente marco de las Cataratas del Iguaz\u00fa se concret\u00f3 la santa<\/p>\n","protected":false},"author":1,"featured_media":52939,"comment_status":"closed","ping_status":"open","sticky":false,"template":"","format":"standard","meta":{"footnotes":""},"categories":[1,226],"tags":[],"class_list":["post-52937","post","type-post","status-publish","format-standard","has-post-thumbnail","hentry","category-actualidad","category-locales"],"_links":{"self":[{"href":"https:\/\/actualizateiguazu.com\/v3\/wp-json\/wp\/v2\/posts\/52937","targetHints":{"allow":["GET"]}}],"collection":[{"href":"https:\/\/actualizateiguazu.com\/v3\/wp-json\/wp\/v2\/posts"}],"about":[{"href":"https:\/\/actualizateiguazu.com\/v3\/wp-json\/wp\/v2\/types\/post"}],"author":[{"embeddable":true,"href":"https:\/\/actualizateiguazu.com\/v3\/wp-json\/wp\/v2\/users\/1"}],"replies":[{"embeddable":true,"href":"https:\/\/actualizateiguazu.com\/v3\/wp-json\/wp\/v2\/comments?post=52937"}],"version-history":[{"count":1,"href":"https:\/\/actualizateiguazu.com\/v3\/wp-json\/wp\/v2\/posts\/52937\/revisions"}],"predecessor-version":[{"id":52940,"href":"https:\/\/actualizateiguazu.com\/v3\/wp-json\/wp\/v2\/posts\/52937\/revisions\/52940"}],"wp:featuredmedia":[{"embeddable":true,"href":"https:\/\/actualizateiguazu.com\/v3\/wp-json\/wp\/v2\/media\/52939"}],"wp:attachment":[{"href":"https:\/\/actualizateiguazu.com\/v3\/wp-json\/wp\/v2\/media?parent=52937"}],"wp:term":[{"taxonomy":"category","embeddable":true,"href":"https:\/\/actualizateiguazu.com\/v3\/wp-json\/wp\/v2\/categories?post=52937"},{"taxonomy":"post_tag","embeddable":true,"href":"https:\/\/actualizateiguazu.com\/v3\/wp-json\/wp\/v2\/tags?post=52937"}],"curies":[{"name":"wp","href":"https:\/\/api.w.org\/{rel}","templated":true}]}}