{"id":53033,"date":"2025-09-08T08:50:05","date_gmt":"2025-09-08T11:50:05","guid":{"rendered":"https:\/\/actualizateiguazu.com\/v3\/?p=53033"},"modified":"2025-09-08T08:50:05","modified_gmt":"2025-09-08T11:50:05","slug":"secuestraron-madera-nativa-en-procedimientos-de-control-en-comandante-andresito","status":"publish","type":"post","link":"https:\/\/actualizateiguazu.com\/v3\/2025\/09\/08\/secuestraron-madera-nativa-en-procedimientos-de-control-en-comandante-andresito\/","title":{"rendered":"Secuestraron madera nativa en procedimientos de control en Comandante Andresito"},"content":{"rendered":"<p>En el marco de las tareas de control y fiscalizaci\u00f3n ambiental llevadas adelante por el Ministerio de Ecolog\u00eda y Recursos Naturales Renovables, se llevaron adelante dos procedimientos que culminaron con el secuestro de madera nativa de la especie Zoita, que fue extra\u00edda de un lote privado.<\/p>\n<p>Los operativos fueron realizados en conjunto por el Cuerpo de Guardaparques del Ministerio de Ecolog\u00eda y la Polic\u00eda de Misiones en Comandante Andresito.<\/p>\n<p>El primero de ellos tuvo lugar este s\u00e1bado, durante un control vehicular nocturno en un camino vecinal de acceso a dicha localidad. All\u00ed, efectivos policiales interceptaron un veh\u00edculo que transportaba rollos de madera sin la documentaci\u00f3n correspondiente. Ante esta situaci\u00f3n, se solicit\u00f3 colaboraci\u00f3n a los guardaparques del Parque Provincial Urugua-\u00ed, quienes procedieron al secuestro de la carga y del rodado, quedando ambos bajo resguardo en el Puesto Uruz\u00fa.<\/p>\n<p><img loading=\"lazy\" decoding=\"async\" class=\"alignnone size-full wp-image-53034\" src=\"https:\/\/actualizateiguazu.com\/v3\/wp-content\/uploads\/2025\/09\/WhatsApp-Image-2025-09-07-at-19.58.29.jpeg\" alt=\"\" width=\"1600\" height=\"900\" srcset=\"https:\/\/actualizateiguazu.com\/v3\/wp-content\/uploads\/2025\/09\/WhatsApp-Image-2025-09-07-at-19.58.29.jpeg 1600w, https:\/\/actualizateiguazu.com\/v3\/wp-content\/uploads\/2025\/09\/WhatsApp-Image-2025-09-07-at-19.58.29-300x169.jpeg 300w, https:\/\/actualizateiguazu.com\/v3\/wp-content\/uploads\/2025\/09\/WhatsApp-Image-2025-09-07-at-19.58.29-1024x576.jpeg 1024w, https:\/\/actualizateiguazu.com\/v3\/wp-content\/uploads\/2025\/09\/WhatsApp-Image-2025-09-07-at-19.58.29-768x432.jpeg 768w, https:\/\/actualizateiguazu.com\/v3\/wp-content\/uploads\/2025\/09\/WhatsApp-Image-2025-09-07-at-19.58.29-1536x864.jpeg 1536w, https:\/\/actualizateiguazu.com\/v3\/wp-content\/uploads\/2025\/09\/WhatsApp-Image-2025-09-07-at-19.58.29-800x450.jpeg 800w\" sizes=\"auto, (max-width: 1600px) 100vw, 1600px\" \/><\/p>\n<p>Posteriormente, este domingo, como parte de las averiguaciones realizadas, se constat\u00f3 que la extracci\u00f3n de la madera se hab\u00eda efectuado en un lote privado ubicado en la faja protectora con recurso de agua que delimita el Parque Provincial Urugua-\u00ed.<br \/>\nEn el lugar tambi\u00e9n se observaron restos de ejemplares talados de la misma especie, si bien no se encuentra dentro del \u00e1rea protegida, se trata de ejemplares nativos, ante esta situaci\u00f3n el Ministerio de Ecolog\u00eda realizar\u00e1 las acciones correspondientes.<\/p>\n","protected":false},"excerpt":{"rendered":"<p>En el marco de las tareas de control y fiscalizaci\u00f3n ambiental llevadas adelante por el<\/p>\n","protected":false},"author":1,"featured_media":53035,"comment_status":"closed","ping_status":"open","sticky":false,"template":"","format":"standard","meta":{"footnotes":""},"categories":[1,226],"tags":[],"class_list":["post-53033","post","type-post","status-publish","format-standard","has-post-thumbnail","hentry","category-actualidad","category-locales"],"_links":{"self":[{"href":"https:\/\/actualizateiguazu.com\/v3\/wp-json\/wp\/v2\/posts\/53033","targetHints":{"allow":["GET"]}}],"collection":[{"href":"https:\/\/actualizateiguazu.com\/v3\/wp-json\/wp\/v2\/posts"}],"about":[{"href":"https:\/\/actualizateiguazu.com\/v3\/wp-json\/wp\/v2\/types\/post"}],"author":[{"embeddable":true,"href":"https:\/\/actualizateiguazu.com\/v3\/wp-json\/wp\/v2\/users\/1"}],"replies":[{"embeddable":true,"href":"https:\/\/actualizateiguazu.com\/v3\/wp-json\/wp\/v2\/comments?post=53033"}],"version-history":[{"count":1,"href":"https:\/\/actualizateiguazu.com\/v3\/wp-json\/wp\/v2\/posts\/53033\/revisions"}],"predecessor-version":[{"id":53036,"href":"https:\/\/actualizateiguazu.com\/v3\/wp-json\/wp\/v2\/posts\/53033\/revisions\/53036"}],"wp:featuredmedia":[{"embeddable":true,"href":"https:\/\/actualizateiguazu.com\/v3\/wp-json\/wp\/v2\/media\/53035"}],"wp:attachment":[{"href":"https:\/\/actualizateiguazu.com\/v3\/wp-json\/wp\/v2\/media?parent=53033"}],"wp:term":[{"taxonomy":"category","embeddable":true,"href":"https:\/\/actualizateiguazu.com\/v3\/wp-json\/wp\/v2\/categories?post=53033"},{"taxonomy":"post_tag","embeddable":true,"href":"https:\/\/actualizateiguazu.com\/v3\/wp-json\/wp\/v2\/tags?post=53033"}],"curies":[{"name":"wp","href":"https:\/\/api.w.org\/{rel}","templated":true}]}}