{"id":53041,"date":"2025-09-08T15:06:13","date_gmt":"2025-09-08T18:06:13","guid":{"rendered":"https:\/\/actualizateiguazu.com\/v3\/?p=53041"},"modified":"2025-09-08T15:08:18","modified_gmt":"2025-09-08T18:08:18","slug":"iguazu-cumple-124-anos-y-no-habra-un-festejo-popular","status":"publish","type":"post","link":"https:\/\/actualizateiguazu.com\/v3\/2025\/09\/08\/iguazu-cumple-124-anos-y-no-habra-un-festejo-popular\/","title":{"rendered":"Iguaz\u00fa cumple 124 a\u00f1os y no habr\u00e1 un festejo popular"},"content":{"rendered":"<p>El d\u00eda del aniversario se realizar\u00e1 el tradicional almuerzo del Pionero. Desde el municipio no informaron acerca de un acto o evento que incluya a toda la comunidad.<\/p>\n<p>Esta ma\u00f1ana se dio a conocer el programa de actividades en el marco de la celebraci\u00f3n por los 124 a\u00f1os de Puerto Iguaz\u00fa. El rebuscado cronograma no incluye un acto o celebraci\u00f3n popular el d\u00eda del aniversario, sin embrago intentan compensar la falta de inclusi\u00f3n al programa a todos los habitantes con un espect\u00e1culo que se realizar\u00e1 el pr\u00f3ximo s\u00e1bado como cierre a la carrera aniversario.<\/p>\n<p>Seg\u00fan detalla el cronograma enviado est\u00e1 previsto que el martes 9 de septiembre a las 17:30 hs \u00a0en el sal\u00f3n de usos m\u00faltiples del Iturem se realice la entrega de certificados a pioneros que fueron homenajeados y reconocidos y desde ahora tendr\u00e1n una calle con su nombre en barrio Las Palmeras<\/p>\n<p>El d\u00eda 11 de septiembre habr\u00e1 una conferencia de prensa para el lanzamiento del Abuelazo que ser\u00e1 el pr\u00f3ximo 19 de septiembre en el polideportivo municipal y adem\u00e1s reconocer\u00e1n a un ciclista de Iguaz\u00fa. El viernes 12 se realizar\u00e1 la Fiesta del Reviro a las 18 horas en la plazoleta Ram\u00f3n Carrillo de barrio Obrero, con n\u00fameros art\u00edsticos, premios, trofeos. El s\u00e1bado 13 de septiembre se realizar\u00e1 la carrera nocturna aniversario, a las 19.015 largaran los ni\u00f1os y a las 20 la carrera nocturna, la actividad cierra con la presentaci\u00f3n del grupo caramba Cumbia.<\/p>\n<p>El programa oficial no hace referencia a ninguna actividad popular para el d\u00eda del aniversario que ser\u00e1 el pr\u00f3ximo 10 de septiembre, no obstante se supo que se realizara un festejo como todos los a\u00f1os con los pioneros que recibieron la cordial invitaci\u00f3n.<\/p>\n<p>&nbsp;<\/p>\n<p>&nbsp;<\/p>\n","protected":false},"excerpt":{"rendered":"<p>El d\u00eda del aniversario se realizar\u00e1 el tradicional almuerzo del Pionero. Desde el municipio no<\/p>\n","protected":false},"author":1,"featured_media":53045,"comment_status":"closed","ping_status":"open","sticky":false,"template":"","format":"standard","meta":{"footnotes":""},"categories":[1,226],"tags":[],"class_list":["post-53041","post","type-post","status-publish","format-standard","has-post-thumbnail","hentry","category-actualidad","category-locales"],"_links":{"self":[{"href":"https:\/\/actualizateiguazu.com\/v3\/wp-json\/wp\/v2\/posts\/53041","targetHints":{"allow":["GET"]}}],"collection":[{"href":"https:\/\/actualizateiguazu.com\/v3\/wp-json\/wp\/v2\/posts"}],"about":[{"href":"https:\/\/actualizateiguazu.com\/v3\/wp-json\/wp\/v2\/types\/post"}],"author":[{"embeddable":true,"href":"https:\/\/actualizateiguazu.com\/v3\/wp-json\/wp\/v2\/users\/1"}],"replies":[{"embeddable":true,"href":"https:\/\/actualizateiguazu.com\/v3\/wp-json\/wp\/v2\/comments?post=53041"}],"version-history":[{"count":2,"href":"https:\/\/actualizateiguazu.com\/v3\/wp-json\/wp\/v2\/posts\/53041\/revisions"}],"predecessor-version":[{"id":53046,"href":"https:\/\/actualizateiguazu.com\/v3\/wp-json\/wp\/v2\/posts\/53041\/revisions\/53046"}],"wp:featuredmedia":[{"embeddable":true,"href":"https:\/\/actualizateiguazu.com\/v3\/wp-json\/wp\/v2\/media\/53045"}],"wp:attachment":[{"href":"https:\/\/actualizateiguazu.com\/v3\/wp-json\/wp\/v2\/media?parent=53041"}],"wp:term":[{"taxonomy":"category","embeddable":true,"href":"https:\/\/actualizateiguazu.com\/v3\/wp-json\/wp\/v2\/categories?post=53041"},{"taxonomy":"post_tag","embeddable":true,"href":"https:\/\/actualizateiguazu.com\/v3\/wp-json\/wp\/v2\/tags?post=53041"}],"curies":[{"name":"wp","href":"https:\/\/api.w.org\/{rel}","templated":true}]}}