{"id":53097,"date":"2025-09-11T17:39:47","date_gmt":"2025-09-11T20:39:47","guid":{"rendered":"https:\/\/actualizateiguazu.com\/v3\/?p=53097"},"modified":"2025-09-11T17:42:39","modified_gmt":"2025-09-11T20:42:39","slug":"iguazu-choque-en-cadena-en-ruta-12-dejo-un-conductor-hospitalizado","status":"publish","type":"post","link":"https:\/\/actualizateiguazu.com\/v3\/2025\/09\/11\/iguazu-choque-en-cadena-en-ruta-12-dejo-un-conductor-hospitalizado\/","title":{"rendered":"Iguaz\u00fa: Choque en cadena en Ruta 12 dej\u00f3 un conductor hospitalizado"},"content":{"rendered":"<p>Por causas que se tratan de establecer se registr\u00f3 un choque en cadena que involucr\u00f3 a 4 vechiculos y dejo una persona de 34 a\u00f1os hospitalizada.<\/p>\n<p>Un accidente en cadena ocurrido este jueves por la tarde en el acceso a la localidad de Iguaz\u00fa, sobre la Ruta Nacional 12, involucr\u00f3 a cuatro veh\u00edculos y dej\u00f3 como saldo a un conductor trasladado al hospital local para su atenci\u00f3n m\u00e9dica.<\/p>\n<p>El hecho se registr\u00f3 alrededor de las 14:40 horas, cuando por causas que se tratan de establecer colisionaron una camioneta Toyota Hilux, un colectivo de transporte de pasajeros, un Fiat Cronos y un Peugeot 2008.<\/p>\n<p>Como consecuencia del impacto, el conductor del Fiat Cronos, un hombre de 34 a\u00f1os, debi\u00f3 ser derivado al hospital local para su evaluaci\u00f3n y atenci\u00f3n m\u00e9dica, en tanto que los dem\u00e1s protagonistas no presentaron lesiones visibles.<\/p>\n<p>En el lugar trabajaron efectivos de la Comisar\u00eda Primera de la Unidad Regional V, quienes realizaron las tareas de seguridad vial, asistencia a los involucrados y labrado de las actuaciones judiciales correspondientes para esclarecer las circunstancias del siniestro.<\/p>\n","protected":false},"excerpt":{"rendered":"<p>Por causas que se tratan de establecer se registr\u00f3 un choque en cadena que involucr\u00f3<\/p>\n","protected":false},"author":1,"featured_media":53098,"comment_status":"closed","ping_status":"open","sticky":false,"template":"","format":"standard","meta":{"footnotes":""},"categories":[1,228],"tags":[],"class_list":["post-53097","post","type-post","status-publish","format-standard","has-post-thumbnail","hentry","category-actualidad","category-policiales"],"_links":{"self":[{"href":"https:\/\/actualizateiguazu.com\/v3\/wp-json\/wp\/v2\/posts\/53097","targetHints":{"allow":["GET"]}}],"collection":[{"href":"https:\/\/actualizateiguazu.com\/v3\/wp-json\/wp\/v2\/posts"}],"about":[{"href":"https:\/\/actualizateiguazu.com\/v3\/wp-json\/wp\/v2\/types\/post"}],"author":[{"embeddable":true,"href":"https:\/\/actualizateiguazu.com\/v3\/wp-json\/wp\/v2\/users\/1"}],"replies":[{"embeddable":true,"href":"https:\/\/actualizateiguazu.com\/v3\/wp-json\/wp\/v2\/comments?post=53097"}],"version-history":[{"count":2,"href":"https:\/\/actualizateiguazu.com\/v3\/wp-json\/wp\/v2\/posts\/53097\/revisions"}],"predecessor-version":[{"id":53100,"href":"https:\/\/actualizateiguazu.com\/v3\/wp-json\/wp\/v2\/posts\/53097\/revisions\/53100"}],"wp:featuredmedia":[{"embeddable":true,"href":"https:\/\/actualizateiguazu.com\/v3\/wp-json\/wp\/v2\/media\/53098"}],"wp:attachment":[{"href":"https:\/\/actualizateiguazu.com\/v3\/wp-json\/wp\/v2\/media?parent=53097"}],"wp:term":[{"taxonomy":"category","embeddable":true,"href":"https:\/\/actualizateiguazu.com\/v3\/wp-json\/wp\/v2\/categories?post=53097"},{"taxonomy":"post_tag","embeddable":true,"href":"https:\/\/actualizateiguazu.com\/v3\/wp-json\/wp\/v2\/tags?post=53097"}],"curies":[{"name":"wp","href":"https:\/\/api.w.org\/{rel}","templated":true}]}}