{"id":53155,"date":"2025-09-14T19:05:26","date_gmt":"2025-09-14T22:05:26","guid":{"rendered":"https:\/\/actualizateiguazu.com\/v3\/?p=53155"},"modified":"2025-09-14T19:05:26","modified_gmt":"2025-09-14T22:05:26","slug":"aniversario-de-iguazu-mas-500-corredores-participaron-de-la-carrera-nocturna","status":"publish","type":"post","link":"https:\/\/actualizateiguazu.com\/v3\/2025\/09\/14\/aniversario-de-iguazu-mas-500-corredores-participaron-de-la-carrera-nocturna\/","title":{"rendered":"Aniversario de Iguaz\u00fa: M\u00e1s 500 corredores participaron de la Carrera Nocturna"},"content":{"rendered":"<p>Por segundo a\u00f1o consecutivo se realiza la Carrera Nocturna Aniversario de Iguaz\u00fa mas de 500 corredores recorrieron las calles de la ciudad.<\/p>\n<p>El s\u00e1bado por la noche se realiz\u00f3 la segunda edici\u00f3n de la Carrera Nocturna, la competencia deportiva se enmarca en las actividades programadas para celebrar el aniversario de Puerto Iguaz\u00fa. Este a\u00f1o m\u00e1s de 500 corredores aceptaron el desaf\u00edo y disfrutaron de una noche con una temperatura m\u00e1s que agradable para correr en un circuito que presenta ciertas dificultades de por la pendiente.<\/p>\n<p>La velada deportiva, que tuvo como epicentro la plaza San Martin, comenz\u00f3 con la carrera caminata para los m\u00e1s peque\u00f1os, los futuros corredores recorrieron un kil\u00f3metro y al llegar a la meta recibieron sus medallas cono incentivo para continuar con el deporte. Mas tarde, tras un peque\u00f1o show en vivo, Miguel Troche, el profesor municipal de gimnasia comunitaria en Puerto Iguaz\u00fa hizo una peque\u00f1a entrada en calor para aportar alegr\u00eda y despejar el nerviosismo del inicio de la competencia.<\/p>\n<p><img loading=\"lazy\" decoding=\"async\" class=\"alignnone size-full wp-image-53158\" src=\"https:\/\/actualizateiguazu.com\/v3\/wp-content\/uploads\/2025\/09\/WhatsApp-Image-2025-09-13-at-22.17.57-4.jpeg\" alt=\"\" width=\"1600\" height=\"900\" srcset=\"https:\/\/actualizateiguazu.com\/v3\/wp-content\/uploads\/2025\/09\/WhatsApp-Image-2025-09-13-at-22.17.57-4.jpeg 1600w, https:\/\/actualizateiguazu.com\/v3\/wp-content\/uploads\/2025\/09\/WhatsApp-Image-2025-09-13-at-22.17.57-4-300x169.jpeg 300w, https:\/\/actualizateiguazu.com\/v3\/wp-content\/uploads\/2025\/09\/WhatsApp-Image-2025-09-13-at-22.17.57-4-1024x576.jpeg 1024w, https:\/\/actualizateiguazu.com\/v3\/wp-content\/uploads\/2025\/09\/WhatsApp-Image-2025-09-13-at-22.17.57-4-768x432.jpeg 768w, https:\/\/actualizateiguazu.com\/v3\/wp-content\/uploads\/2025\/09\/WhatsApp-Image-2025-09-13-at-22.17.57-4-1536x864.jpeg 1536w, https:\/\/actualizateiguazu.com\/v3\/wp-content\/uploads\/2025\/09\/WhatsApp-Image-2025-09-13-at-22.17.57-4-800x450.jpeg 800w\" sizes=\"auto, (max-width: 1600px) 100vw, 1600px\" \/><\/p>\n<p>A las 20 horas se largo la competencia, m\u00e1s de 500 corredores comenzaron el desaf\u00edo algunos optaron por correr 5 kil\u00f3metros y otros m\u00e1s osados recorrieron 11 kil\u00f3metros. Para sorpresa de muchos el primero en arribar a la meta fue el posade\u00f1o Fabricio Martines que en tan solo 17 minutos y 38 segundos completo los 5 kil\u00f3metros. La primera mujer en completar el recorrido de 5 kil\u00f3metros fue Mirna Carmina a los 21 minutos y 22 segundos.<\/p>\n<p>Minutos m\u00e1s tarde lleg\u00f3 el primer corredor que recorri\u00f3 11 kil\u00f3metros fue el iguazuense Mat\u00edas Moreira quien completo el circuito en 29 minutos y 16 segundos, nueve minutos despu\u00e9s, tambi\u00e9n de Iguaz\u00fa Karen Ponce fue la primera mujer en cumplir los 11 kil\u00f3metros ocupando lo m\u00e1s alto del podio de la general femenina 11k.<\/p>\n<p>El podio general de 5 kil\u00f3metros masculino quedo conformado por 1\u00ba Fabricio Mart\u00ednez, 2\u00ba Mat\u00edas C\u00e1ceres y 3\u00ba Alan Patric. Los 5 kil\u00f3metros femenino quedo de la siguiente manera 1\u00ba Mirna Carmina 2\u00ba Mar\u00eda Cristina Cardoso Mu\u00f1es y 3\u00ba Juscilene Moreira. En los 11k masculino el podio fue de 1\u00ba Mat\u00edas Moreira, en 2\u00ba Hilario Paredes y 3 Nelson Rodr\u00edguez. Los 11k Femenino quedo compuesto por 1\u00ba Karen Ponce, 2\u00ba Hallyne Bergamini Silva y 3\u00ba Luciana Aparecida Franco.<\/p>\n<p><img loading=\"lazy\" decoding=\"async\" class=\"alignnone size-full wp-image-53156\" src=\"https:\/\/actualizateiguazu.com\/v3\/wp-content\/uploads\/2025\/09\/WhatsApp-Image-2025-09-13-at-22.17.56.jpeg\" alt=\"\" width=\"1600\" height=\"900\" srcset=\"https:\/\/actualizateiguazu.com\/v3\/wp-content\/uploads\/2025\/09\/WhatsApp-Image-2025-09-13-at-22.17.56.jpeg 1600w, https:\/\/actualizateiguazu.com\/v3\/wp-content\/uploads\/2025\/09\/WhatsApp-Image-2025-09-13-at-22.17.56-300x169.jpeg 300w, https:\/\/actualizateiguazu.com\/v3\/wp-content\/uploads\/2025\/09\/WhatsApp-Image-2025-09-13-at-22.17.56-1024x576.jpeg 1024w, https:\/\/actualizateiguazu.com\/v3\/wp-content\/uploads\/2025\/09\/WhatsApp-Image-2025-09-13-at-22.17.56-768x432.jpeg 768w, https:\/\/actualizateiguazu.com\/v3\/wp-content\/uploads\/2025\/09\/WhatsApp-Image-2025-09-13-at-22.17.56-1536x864.jpeg 1536w, https:\/\/actualizateiguazu.com\/v3\/wp-content\/uploads\/2025\/09\/WhatsApp-Image-2025-09-13-at-22.17.56-800x450.jpeg 800w\" sizes=\"auto, (max-width: 1600px) 100vw, 1600px\" \/><\/p>\n<p>Esta competencia en la ante sala de la carrera de las tres fronteras prevista para octubre, es por ello que muchos brasile\u00f1os y paraguayos participan de la misma.<\/p>\n<p>&nbsp;<\/p>\n<p>&nbsp;<\/p>\n<p>&nbsp;<\/p>\n<p>&nbsp;<\/p>\n<p>&nbsp;<\/p>\n<p>&nbsp;<\/p>\n","protected":false},"excerpt":{"rendered":"<p>Por segundo a\u00f1o consecutivo se realiza la Carrera Nocturna Aniversario de Iguaz\u00fa mas de 500<\/p>\n","protected":false},"author":1,"featured_media":53157,"comment_status":"closed","ping_status":"open","sticky":false,"template":"","format":"standard","meta":{"footnotes":""},"categories":[1,223,226],"tags":[],"class_list":["post-53155","post","type-post","status-publish","format-standard","has-post-thumbnail","hentry","category-actualidad","category-deportes","category-locales"],"_links":{"self":[{"href":"https:\/\/actualizateiguazu.com\/v3\/wp-json\/wp\/v2\/posts\/53155","targetHints":{"allow":["GET"]}}],"collection":[{"href":"https:\/\/actualizateiguazu.com\/v3\/wp-json\/wp\/v2\/posts"}],"about":[{"href":"https:\/\/actualizateiguazu.com\/v3\/wp-json\/wp\/v2\/types\/post"}],"author":[{"embeddable":true,"href":"https:\/\/actualizateiguazu.com\/v3\/wp-json\/wp\/v2\/users\/1"}],"replies":[{"embeddable":true,"href":"https:\/\/actualizateiguazu.com\/v3\/wp-json\/wp\/v2\/comments?post=53155"}],"version-history":[{"count":1,"href":"https:\/\/actualizateiguazu.com\/v3\/wp-json\/wp\/v2\/posts\/53155\/revisions"}],"predecessor-version":[{"id":53159,"href":"https:\/\/actualizateiguazu.com\/v3\/wp-json\/wp\/v2\/posts\/53155\/revisions\/53159"}],"wp:featuredmedia":[{"embeddable":true,"href":"https:\/\/actualizateiguazu.com\/v3\/wp-json\/wp\/v2\/media\/53157"}],"wp:attachment":[{"href":"https:\/\/actualizateiguazu.com\/v3\/wp-json\/wp\/v2\/media?parent=53155"}],"wp:term":[{"taxonomy":"category","embeddable":true,"href":"https:\/\/actualizateiguazu.com\/v3\/wp-json\/wp\/v2\/categories?post=53155"},{"taxonomy":"post_tag","embeddable":true,"href":"https:\/\/actualizateiguazu.com\/v3\/wp-json\/wp\/v2\/tags?post=53155"}],"curies":[{"name":"wp","href":"https:\/\/api.w.org\/{rel}","templated":true}]}}