{"id":53164,"date":"2025-09-15T14:16:51","date_gmt":"2025-09-15T17:16:51","guid":{"rendered":"https:\/\/actualizateiguazu.com\/v3\/?p=53164"},"modified":"2025-09-15T14:16:51","modified_gmt":"2025-09-15T17:16:51","slug":"este-martes-se-realizara-la-iii-expo-biblia-2025-en-iguazu","status":"publish","type":"post","link":"https:\/\/actualizateiguazu.com\/v3\/2025\/09\/15\/este-martes-se-realizara-la-iii-expo-biblia-2025-en-iguazu\/","title":{"rendered":"Este martes se realizar\u00e1 la III Expo Biblia 2025 en Iguaz\u00fa"},"content":{"rendered":"<p>Es organizada por las Iglesias que integran el Consejo de Pastores de Iguaz\u00fa, tiene por finalidad dar a conocer sobre la historia de este sagrado libro.<\/p>\n<p>La Expo Biblia se realiza desde hace tres a\u00f1os en el mes de septiembre en conmemoraci\u00f3n por el mes del libro sagrado. La actividad es organizada por las Iglesias que integran el Consejo de Pastores de Iguaz\u00fa, se llevar\u00e1 a cabo este martes 16 de septiembre en la plaza San Martin a partir de las 19 horas. La expo biblia 2025 fue declarada de inter\u00e9s Municipal y Provincial.<\/p>\n<p>En el marco del mes de la biblia y con el objetivo de dar a conocer sobre la historia de este sagrado libro, desde la organizaci\u00f3n indicaron que por medio de diferentes stands se brinda informaci\u00f3n de los aspectos principales de la creaci\u00f3n de la Biblia, su importancia, su historia, su aplicaci\u00f3n en nuestros tiempos. La actividad es abierta a todo el p\u00fablico.<\/p>\n<p><img loading=\"lazy\" decoding=\"async\" class=\"alignnone size-full wp-image-53165\" src=\"https:\/\/actualizateiguazu.com\/v3\/wp-content\/uploads\/2025\/09\/476848042_974176684811565_7226768774443382781_n.jpg\" alt=\"\" width=\"2048\" height=\"1536\" srcset=\"https:\/\/actualizateiguazu.com\/v3\/wp-content\/uploads\/2025\/09\/476848042_974176684811565_7226768774443382781_n.jpg 2048w, https:\/\/actualizateiguazu.com\/v3\/wp-content\/uploads\/2025\/09\/476848042_974176684811565_7226768774443382781_n-300x225.jpg 300w, https:\/\/actualizateiguazu.com\/v3\/wp-content\/uploads\/2025\/09\/476848042_974176684811565_7226768774443382781_n-1024x768.jpg 1024w, https:\/\/actualizateiguazu.com\/v3\/wp-content\/uploads\/2025\/09\/476848042_974176684811565_7226768774443382781_n-768x576.jpg 768w, https:\/\/actualizateiguazu.com\/v3\/wp-content\/uploads\/2025\/09\/476848042_974176684811565_7226768774443382781_n-1536x1152.jpg 1536w, https:\/\/actualizateiguazu.com\/v3\/wp-content\/uploads\/2025\/09\/476848042_974176684811565_7226768774443382781_n-720x540.jpg 720w\" sizes=\"auto, (max-width: 2048px) 100vw, 2048px\" \/><\/p>\n<p>El mes de la Biblia es septiembre porque en \u00e9l se celebra el D\u00eda de San Jer\u00f3nimo (30 de septiembre), el traductor de la Biblia al lat\u00edn, y para las comunidades evang\u00e9licas, conmemora la primera impresi\u00f3n de una Biblia en espa\u00f1ol en 1569. Durante este mes, iglesias cat\u00f3licas y evang\u00e9licas organizan actividades para promover la lectura y el conocimiento de la Sagrada Escritura.<\/p>\n<p>Las iglesias evang\u00e9licas consideran este mes como un tiempo para reafirmar su fe en la Biblia como fundamento de su doctrina, es por ello que en muchos lugares se realizan celebraciones y actividades l\u00fadicas que tiene el objetivo de facilitar que las personas se acerquen a la lectura de la Biblia y comprendan mejor su mensaje.<\/p>\n<p>&nbsp;<\/p>\n","protected":false},"excerpt":{"rendered":"<p>Es organizada por las Iglesias que integran el Consejo de Pastores de Iguaz\u00fa, tiene por<\/p>\n","protected":false},"author":1,"featured_media":53166,"comment_status":"closed","ping_status":"open","sticky":false,"template":"","format":"standard","meta":{"footnotes":""},"categories":[1,226],"tags":[],"class_list":["post-53164","post","type-post","status-publish","format-standard","has-post-thumbnail","hentry","category-actualidad","category-locales"],"_links":{"self":[{"href":"https:\/\/actualizateiguazu.com\/v3\/wp-json\/wp\/v2\/posts\/53164","targetHints":{"allow":["GET"]}}],"collection":[{"href":"https:\/\/actualizateiguazu.com\/v3\/wp-json\/wp\/v2\/posts"}],"about":[{"href":"https:\/\/actualizateiguazu.com\/v3\/wp-json\/wp\/v2\/types\/post"}],"author":[{"embeddable":true,"href":"https:\/\/actualizateiguazu.com\/v3\/wp-json\/wp\/v2\/users\/1"}],"replies":[{"embeddable":true,"href":"https:\/\/actualizateiguazu.com\/v3\/wp-json\/wp\/v2\/comments?post=53164"}],"version-history":[{"count":1,"href":"https:\/\/actualizateiguazu.com\/v3\/wp-json\/wp\/v2\/posts\/53164\/revisions"}],"predecessor-version":[{"id":53167,"href":"https:\/\/actualizateiguazu.com\/v3\/wp-json\/wp\/v2\/posts\/53164\/revisions\/53167"}],"wp:featuredmedia":[{"embeddable":true,"href":"https:\/\/actualizateiguazu.com\/v3\/wp-json\/wp\/v2\/media\/53166"}],"wp:attachment":[{"href":"https:\/\/actualizateiguazu.com\/v3\/wp-json\/wp\/v2\/media?parent=53164"}],"wp:term":[{"taxonomy":"category","embeddable":true,"href":"https:\/\/actualizateiguazu.com\/v3\/wp-json\/wp\/v2\/categories?post=53164"},{"taxonomy":"post_tag","embeddable":true,"href":"https:\/\/actualizateiguazu.com\/v3\/wp-json\/wp\/v2\/tags?post=53164"}],"curies":[{"name":"wp","href":"https:\/\/api.w.org\/{rel}","templated":true}]}}