{"id":53174,"date":"2025-09-16T01:06:04","date_gmt":"2025-09-16T04:06:04","guid":{"rendered":"https:\/\/actualizateiguazu.com\/v3\/?p=53174"},"modified":"2025-09-16T01:07:29","modified_gmt":"2025-09-16T04:07:29","slug":"el-gran-premio-argentino-historico-llego-a-iguazu-y-hace-una-pausa-para-ver-las-cataratas","status":"publish","type":"post","link":"https:\/\/actualizateiguazu.com\/v3\/2025\/09\/16\/el-gran-premio-argentino-historico-llego-a-iguazu-y-hace-una-pausa-para-ver-las-cataratas\/","title":{"rendered":"El gran premio Argentino Hist\u00f3rico lleg\u00f3 a Iguaz\u00fa y hace una pausa para ver las Cataratas"},"content":{"rendered":"<p>Con mucha emoci\u00f3n Iguaz\u00fa recibi\u00f3 a 125 veh\u00edculos hist\u00f3ricos entre ellos ejemplares como un Torino 1968 que particip\u00f3 en la F1. El martes visitan cataratas y la competencia continua el mi\u00e9rcoles.<\/p>\n<p>La caravana de autom\u00f3viles antiguos parti\u00f3 de Buenos Aires el 12 de septiembre, llegaron a Misiones el domingo, hicieron noche en Posadas y continuaron camino a Puerto Iguaz\u00fa, donde no solamente har\u00e1n noche, sino que disfrutar\u00e1n la jornada del martes en las Cataratas del Iguaz\u00fa para retomar el mi\u00e9rcoles dando inicio al 4 tramo de la competencia que unir\u00e1 Puerto Iguaz\u00fa y Resistencia. El Gran premio tiene una arista deportiva, otra tur\u00edstica y solidaria.<\/p>\n<p>Salida desde la Sede Central del ACA, previa exposici\u00f3n de los veh\u00edculos en el parque cerrado en Mariscal Castilla entre las avenidas. Libertador y Figueroa Alcorta, comenz\u00f3 el 12 de septiembre llegando en esta 1\u00b0 etapa a la ciudad de Gualeguaych\u00fa, Entre R\u00edos. Con 125 autom\u00f3viles comenzaron a transitas por las rutas de la Mesopotamia, los conductores disfrutan de cada tramo, aunque reconocen que son bastante duros.<\/p>\n<p><img loading=\"lazy\" decoding=\"async\" class=\"alignnone size-full wp-image-53177\" src=\"https:\/\/actualizateiguazu.com\/v3\/wp-content\/uploads\/2025\/09\/IMG_20250915_184525-scaled.jpg\" alt=\"\" width=\"2560\" height=\"1928\" srcset=\"https:\/\/actualizateiguazu.com\/v3\/wp-content\/uploads\/2025\/09\/IMG_20250915_184525-scaled.jpg 2560w, https:\/\/actualizateiguazu.com\/v3\/wp-content\/uploads\/2025\/09\/IMG_20250915_184525-300x226.jpg 300w, https:\/\/actualizateiguazu.com\/v3\/wp-content\/uploads\/2025\/09\/IMG_20250915_184525-1024x771.jpg 1024w, https:\/\/actualizateiguazu.com\/v3\/wp-content\/uploads\/2025\/09\/IMG_20250915_184525-768x578.jpg 768w, https:\/\/actualizateiguazu.com\/v3\/wp-content\/uploads\/2025\/09\/IMG_20250915_184525-1536x1157.jpg 1536w, https:\/\/actualizateiguazu.com\/v3\/wp-content\/uploads\/2025\/09\/IMG_20250915_184525-2048x1542.jpg 2048w\" sizes=\"auto, (max-width: 2560px) 100vw, 2560px\" \/><\/p>\n<p>El tercer tramo desde Posadas hasta Iguaz\u00fa fue bastante dif\u00edcil ya que gran parte del trayecto lo recorrieron con lluvia. \u201cEste es el tercer tramo, son 125 autos entre los cuales hay 14 uruguayos y 2 Paraguayos, realmente estamos muy contentos porque hasta ahora ha sido espectacular. Esta ma\u00f1ana nos demoramos un poquito porque desde la largada hasta Montecarlo fue un diluvio\u201d explic\u00f3 Jorge Revello vicepresidente del ACA<\/p>\n<p>Respecto a la llegada a Iguaz\u00fa Revello indico \u201cEstar ac\u00e1 en Iguaz\u00fa tiene un sabor especial, tiene algo, porque es dif\u00edcil que alguien no tenga un recuerdo de \u00e9l, de su familia que haya pasado por las cataratas, entonces se sienten ac\u00e1 de una forma distinta\u201d.<\/p>\n<p>Haciendo referencia al Gran Premio Revello explic\u00f3 que tiene una base deportiva que busca reemplazar las carreras en ruta abierta que fueron prohibidas desde 1975. \u201cConsiste en retomar la competencia que exist\u00eda entre 1936 y 1975 y reproducirlo en la regularidad. Gracias a Dios aun tenemos los originales de aquella \u00e9poca y hace dos a\u00f1os hemos sumado una nueva categor\u00eda denominada contempor\u00e1neos que incorpora veh\u00edculos desde el a\u00f1o 1985\u201d.<\/p>\n<p><img loading=\"lazy\" decoding=\"async\" class=\"alignnone size-full wp-image-53175\" src=\"https:\/\/actualizateiguazu.com\/v3\/wp-content\/uploads\/2025\/09\/IMG_20250915_181627_HDR-scaled.jpg\" alt=\"\" width=\"2560\" height=\"1928\" srcset=\"https:\/\/actualizateiguazu.com\/v3\/wp-content\/uploads\/2025\/09\/IMG_20250915_181627_HDR-scaled.jpg 2560w, https:\/\/actualizateiguazu.com\/v3\/wp-content\/uploads\/2025\/09\/IMG_20250915_181627_HDR-300x226.jpg 300w, https:\/\/actualizateiguazu.com\/v3\/wp-content\/uploads\/2025\/09\/IMG_20250915_181627_HDR-1024x771.jpg 1024w, https:\/\/actualizateiguazu.com\/v3\/wp-content\/uploads\/2025\/09\/IMG_20250915_181627_HDR-768x578.jpg 768w, https:\/\/actualizateiguazu.com\/v3\/wp-content\/uploads\/2025\/09\/IMG_20250915_181627_HDR-1536x1157.jpg 1536w, https:\/\/actualizateiguazu.com\/v3\/wp-content\/uploads\/2025\/09\/IMG_20250915_181627_HDR-2048x1542.jpg 2048w\" sizes=\"auto, (max-width: 2560px) 100vw, 2560px\" \/><\/p>\n<p>Adem\u00e1s de lo deportivo, el gran premio es tur\u00edsticos porque los competidores recorren diferentes rutas y puntos tur\u00edsticos del pa\u00eds y tambi\u00e9n es solidario ya que en cada tramo para que los competidores puedan cruzar la meta deben entregar 5 kilos de alimentos no perecederos a Caritas Diocesana. \u201cEsto esta en el reglamento, cada competidor debe entregar los alimentos no perecederos a caritas. Al final de la competencia hacemos un conteo del total de alimentos entregados y desde ACA compramos la misma cantidad total para donar a caritas\u201d remarco Revello.<\/p>\n<p>Este martes los competidores tienen un dia de descanso para reponer energ\u00edas y visitar cataratas, luego desde Iguaz\u00fa la caravana partir\u00e1 a Resistencia, Chaco. Al d\u00eda siguiente el tramo ser\u00e1 de Resistencia a Concordia, Entre R\u00edos, por \u00faltimo y ya en su \u00faltima etapa, el recorrido abarcar\u00e1 de Concordia a Santa Fe, donde culminar\u00e1 esta gran carrera con su habitual ceremonia de premiaciones.<\/p>\n<p>&nbsp;<\/p>\n<p>&nbsp;<\/p>\n<p>&nbsp;<\/p>\n<p>&nbsp;<\/p>\n<p>&nbsp;<\/p>\n","protected":false},"excerpt":{"rendered":"<p>Con mucha emoci\u00f3n Iguaz\u00fa recibi\u00f3 a 125 veh\u00edculos hist\u00f3ricos entre ellos ejemplares como un Torino<\/p>\n","protected":false},"author":1,"featured_media":53176,"comment_status":"closed","ping_status":"open","sticky":false,"template":"","format":"standard","meta":{"footnotes":""},"categories":[1,226],"tags":[],"class_list":["post-53174","post","type-post","status-publish","format-standard","has-post-thumbnail","hentry","category-actualidad","category-locales"],"_links":{"self":[{"href":"https:\/\/actualizateiguazu.com\/v3\/wp-json\/wp\/v2\/posts\/53174","targetHints":{"allow":["GET"]}}],"collection":[{"href":"https:\/\/actualizateiguazu.com\/v3\/wp-json\/wp\/v2\/posts"}],"about":[{"href":"https:\/\/actualizateiguazu.com\/v3\/wp-json\/wp\/v2\/types\/post"}],"author":[{"embeddable":true,"href":"https:\/\/actualizateiguazu.com\/v3\/wp-json\/wp\/v2\/users\/1"}],"replies":[{"embeddable":true,"href":"https:\/\/actualizateiguazu.com\/v3\/wp-json\/wp\/v2\/comments?post=53174"}],"version-history":[{"count":3,"href":"https:\/\/actualizateiguazu.com\/v3\/wp-json\/wp\/v2\/posts\/53174\/revisions"}],"predecessor-version":[{"id":53180,"href":"https:\/\/actualizateiguazu.com\/v3\/wp-json\/wp\/v2\/posts\/53174\/revisions\/53180"}],"wp:featuredmedia":[{"embeddable":true,"href":"https:\/\/actualizateiguazu.com\/v3\/wp-json\/wp\/v2\/media\/53176"}],"wp:attachment":[{"href":"https:\/\/actualizateiguazu.com\/v3\/wp-json\/wp\/v2\/media?parent=53174"}],"wp:term":[{"taxonomy":"category","embeddable":true,"href":"https:\/\/actualizateiguazu.com\/v3\/wp-json\/wp\/v2\/categories?post=53174"},{"taxonomy":"post_tag","embeddable":true,"href":"https:\/\/actualizateiguazu.com\/v3\/wp-json\/wp\/v2\/tags?post=53174"}],"curies":[{"name":"wp","href":"https:\/\/api.w.org\/{rel}","templated":true}]}}