{"id":53191,"date":"2025-09-17T10:28:47","date_gmt":"2025-09-17T13:28:47","guid":{"rendered":"https:\/\/actualizateiguazu.com\/v3\/?p=53191"},"modified":"2025-09-17T10:28:47","modified_gmt":"2025-09-17T13:28:47","slug":"montecarlo-docentes-del-mpl-cortaron-la-ruta-nacional-12-y-el-transito-fue-desviado","status":"publish","type":"post","link":"https:\/\/actualizateiguazu.com\/v3\/2025\/09\/17\/montecarlo-docentes-del-mpl-cortaron-la-ruta-nacional-12-y-el-transito-fue-desviado\/","title":{"rendered":"Montecarlo: docentes del MPL cortaron la Ruta Nacional 12 y el tr\u00e1nsito fue desviado"},"content":{"rendered":"<p>Un grupo de aproximadamente 50 docentes nucleados en el Movimiento Pedag\u00f3gico de Liberaci\u00f3n (MPL) mantiene desde la ma\u00f1ana de este mi\u00e9rcoles un corte total en la Ruta Nacional 12, a la altura del kil\u00f3metro 1.519, en Montecarlo.<\/p>\n<p>La medida de fuerza comenz\u00f3 alrededor de las 9:05 horas y, seg\u00fan manifestaron los organizadores, se extender\u00e1 por tiempo indeterminado.<br \/>\nEn el lugar trabaja Gendarmer\u00eda Nacional con apoyo de la Polic\u00eda de Misiones, que coordina los desv\u00edos de tr\u00e1nsito por calles alternativas, entre ellas Frida Krausemann (barrio Palomar) y L\u00ednea Chica.<\/p>\n<p>Las Polic\u00eda recomienda a los automovilistas circular con precauci\u00f3n y utilizar las rutas alternativas dispuestas mientras dure la protesta.<\/p>\n","protected":false},"excerpt":{"rendered":"<p>Un grupo de aproximadamente 50 docentes nucleados en el Movimiento Pedag\u00f3gico de Liberaci\u00f3n (MPL) mantiene<\/p>\n","protected":false},"author":1,"featured_media":53192,"comment_status":"closed","ping_status":"open","sticky":false,"template":"","format":"standard","meta":{"footnotes":""},"categories":[1,226],"tags":[],"class_list":["post-53191","post","type-post","status-publish","format-standard","has-post-thumbnail","hentry","category-actualidad","category-locales"],"_links":{"self":[{"href":"https:\/\/actualizateiguazu.com\/v3\/wp-json\/wp\/v2\/posts\/53191","targetHints":{"allow":["GET"]}}],"collection":[{"href":"https:\/\/actualizateiguazu.com\/v3\/wp-json\/wp\/v2\/posts"}],"about":[{"href":"https:\/\/actualizateiguazu.com\/v3\/wp-json\/wp\/v2\/types\/post"}],"author":[{"embeddable":true,"href":"https:\/\/actualizateiguazu.com\/v3\/wp-json\/wp\/v2\/users\/1"}],"replies":[{"embeddable":true,"href":"https:\/\/actualizateiguazu.com\/v3\/wp-json\/wp\/v2\/comments?post=53191"}],"version-history":[{"count":1,"href":"https:\/\/actualizateiguazu.com\/v3\/wp-json\/wp\/v2\/posts\/53191\/revisions"}],"predecessor-version":[{"id":53193,"href":"https:\/\/actualizateiguazu.com\/v3\/wp-json\/wp\/v2\/posts\/53191\/revisions\/53193"}],"wp:featuredmedia":[{"embeddable":true,"href":"https:\/\/actualizateiguazu.com\/v3\/wp-json\/wp\/v2\/media\/53192"}],"wp:attachment":[{"href":"https:\/\/actualizateiguazu.com\/v3\/wp-json\/wp\/v2\/media?parent=53191"}],"wp:term":[{"taxonomy":"category","embeddable":true,"href":"https:\/\/actualizateiguazu.com\/v3\/wp-json\/wp\/v2\/categories?post=53191"},{"taxonomy":"post_tag","embeddable":true,"href":"https:\/\/actualizateiguazu.com\/v3\/wp-json\/wp\/v2\/tags?post=53191"}],"curies":[{"name":"wp","href":"https:\/\/api.w.org\/{rel}","templated":true}]}}