{"id":53369,"date":"2025-09-28T12:48:36","date_gmt":"2025-09-28T15:48:36","guid":{"rendered":"https:\/\/actualizateiguazu.com\/v3\/?p=53369"},"modified":"2025-09-28T13:24:46","modified_gmt":"2025-09-28T16:24:46","slug":"la-muerte-de-un-obrero-dejo-en-evidencia-la-informalidad-en-una-construccion","status":"publish","type":"post","link":"https:\/\/actualizateiguazu.com\/v3\/2025\/09\/28\/la-muerte-de-un-obrero-dejo-en-evidencia-la-informalidad-en-una-construccion\/","title":{"rendered":"La muerte de un obrero dej\u00f3 en evidencia la informalidad en una construcci\u00f3n"},"content":{"rendered":"<p>El pasado 6 de septiembre Javier Jes\u00fas Gonz\u00e1lez cay\u00f3 de un andamio, estuvo internado grave hasta el 23 de septiembre que falleci\u00f3. El hecho dejo en evidencia una seria de irregularidades en la obra.<\/p>\n<p>El hecho tuvo poca repercusi\u00f3n hasta que sus familiares buscaron visibilizar a trav\u00e9s de las redes sociales el reclamo a falta de informaci\u00f3n del hecho. Jefatura de la Polic\u00eda de Misiones emiti\u00f3 un escueto comunicado el pasado 6 de septiembre donde indicaba que un obrero se cay\u00f3 de una andamio de una obra en construccion ubicada en el centro de la ciudad en la calle Perito Moreni y permanencia en terapia intensiva en el hospital SAMIC por las lesiones. Tras 17 d\u00edas el hombre falleci\u00f3 y puso en evidencia una serie de irregularidades en la obra en cuesti\u00f3n.<\/p>\n<p>Seg\u00fan fuentes consultadas el hombre cay\u00f3 de un precario andamio, aunque existe una versi\u00f3n de que el montacargas se habr\u00eda averiado y provoco la ca\u00edda. Tras la ca\u00edda Javier lleg\u00f3 al nosocomio en la carrocer\u00eda de una camioneta, no tomo intervenci\u00f3n el servicio de emergencias 107 y tampoco Bomberos Voluntarios, el motivo se desconoce hasta el momento. El obrero habr\u00eda sido levantado del suelo por sus compa\u00f1eros que no habr\u00edan tomado ning\u00fan tipo de precauci\u00f3n simplemente intentaban salvar la vida de la v\u00edctima.<\/p>\n<p><img loading=\"lazy\" decoding=\"async\" class=\"alignnone size-full wp-image-53370\" src=\"https:\/\/actualizateiguazu.com\/v3\/wp-content\/uploads\/2025\/09\/WhatsApp-Image-2025-09-28-at-11.05.02.jpeg\" alt=\"\" width=\"1280\" height=\"963\" srcset=\"https:\/\/actualizateiguazu.com\/v3\/wp-content\/uploads\/2025\/09\/WhatsApp-Image-2025-09-28-at-11.05.02.jpeg 1280w, https:\/\/actualizateiguazu.com\/v3\/wp-content\/uploads\/2025\/09\/WhatsApp-Image-2025-09-28-at-11.05.02-300x226.jpeg 300w, https:\/\/actualizateiguazu.com\/v3\/wp-content\/uploads\/2025\/09\/WhatsApp-Image-2025-09-28-at-11.05.02-1024x770.jpeg 1024w, https:\/\/actualizateiguazu.com\/v3\/wp-content\/uploads\/2025\/09\/WhatsApp-Image-2025-09-28-at-11.05.02-768x578.jpeg 768w\" sizes=\"auto, (max-width: 1280px) 100vw, 1280px\" \/><\/p>\n<p>Al arribar al lugar los m\u00e9dicos lo atendieron y notaron abundante perdida de sangre y fue estabilizado e ingres\u00f2 a terapia intensiva hasta su fallecimiento. Durante el tiempo que Gonzales estuvo internado se realizaron una serie de gestiones para tratar de enmendar la falta de documentaci\u00f3n no obstante la investigaci\u00f3n realizada por Profesionales de Seguridad e Higiene determin\u00f3 que hab\u00eda una serie de irregularidades ya sea por la ausencia de elementos de seguridad entre otros \u00edtems habilitaciones y permisos.<\/p>\n<p>Se supo que los familiares intentan saber que paso y buscan una investigaci\u00f3n por parte de las autoridades para esclarecer el hecho.<\/p>\n<p>&nbsp;<\/p>\n","protected":false},"excerpt":{"rendered":"<p>El pasado 6 de septiembre Javier Jes\u00fas Gonz\u00e1lez cay\u00f3 de un andamio, estuvo internado grave<\/p>\n","protected":false},"author":1,"featured_media":53371,"comment_status":"closed","ping_status":"open","sticky":false,"template":"","format":"standard","meta":{"footnotes":""},"categories":[1,226],"tags":[],"class_list":["post-53369","post","type-post","status-publish","format-standard","has-post-thumbnail","hentry","category-actualidad","category-locales"],"_links":{"self":[{"href":"https:\/\/actualizateiguazu.com\/v3\/wp-json\/wp\/v2\/posts\/53369","targetHints":{"allow":["GET"]}}],"collection":[{"href":"https:\/\/actualizateiguazu.com\/v3\/wp-json\/wp\/v2\/posts"}],"about":[{"href":"https:\/\/actualizateiguazu.com\/v3\/wp-json\/wp\/v2\/types\/post"}],"author":[{"embeddable":true,"href":"https:\/\/actualizateiguazu.com\/v3\/wp-json\/wp\/v2\/users\/1"}],"replies":[{"embeddable":true,"href":"https:\/\/actualizateiguazu.com\/v3\/wp-json\/wp\/v2\/comments?post=53369"}],"version-history":[{"count":3,"href":"https:\/\/actualizateiguazu.com\/v3\/wp-json\/wp\/v2\/posts\/53369\/revisions"}],"predecessor-version":[{"id":53375,"href":"https:\/\/actualizateiguazu.com\/v3\/wp-json\/wp\/v2\/posts\/53369\/revisions\/53375"}],"wp:featuredmedia":[{"embeddable":true,"href":"https:\/\/actualizateiguazu.com\/v3\/wp-json\/wp\/v2\/media\/53371"}],"wp:attachment":[{"href":"https:\/\/actualizateiguazu.com\/v3\/wp-json\/wp\/v2\/media?parent=53369"}],"wp:term":[{"taxonomy":"category","embeddable":true,"href":"https:\/\/actualizateiguazu.com\/v3\/wp-json\/wp\/v2\/categories?post=53369"},{"taxonomy":"post_tag","embeddable":true,"href":"https:\/\/actualizateiguazu.com\/v3\/wp-json\/wp\/v2\/tags?post=53369"}],"curies":[{"name":"wp","href":"https:\/\/api.w.org\/{rel}","templated":true}]}}