{"id":53376,"date":"2025-09-28T20:25:32","date_gmt":"2025-09-28T23:25:32","guid":{"rendered":"https:\/\/actualizateiguazu.com\/v3\/?p=53376"},"modified":"2025-09-28T20:25:32","modified_gmt":"2025-09-28T23:25:32","slug":"dos-jovenes-detenidos-por-la-muerte-de-un-miembro-de-la-comunidad-mbya-guarani","status":"publish","type":"post","link":"https:\/\/actualizateiguazu.com\/v3\/2025\/09\/28\/dos-jovenes-detenidos-por-la-muerte-de-un-miembro-de-la-comunidad-mbya-guarani\/","title":{"rendered":"Dos j\u00f3venes detenidos por la muerte de un miembro de la comunidad Mbya Guaran\u00ed"},"content":{"rendered":"<p>Bajada: El fallecido habria estado compartiendo una ronda de tragos con los ahora detenidos y luego se desconocieron. Todos serian integrantes de la misma comunidad guarani<\/p>\n<p>La Polic\u00eda de Misiones investiga un homicidio ocurrido en la comunidad Mbya Guaran\u00ed Fort\u00edn Mboror\u00e9 de Puerto Iguaz\u00fa, donde en la ma\u00f1ana de este domingo fue hallado el cuerpo sin vida de un joven de 18 a\u00f1os, identificado como C\u00e9sar N\u00fa\u00f1ez. El mismo se encontraba tendido en un trillo detr\u00e1s de la Escuela BOP N.\u00ba 111, en posici\u00f3n c\u00fabito dorsal.<\/p>\n<p>Tras conocerse el hecho, se dio intervenci\u00f3n a la Divisi\u00f3n Criminal\u00edstica y al m\u00e9dico policial, quien solicit\u00f3 la realizaci\u00f3n de autopsia para determinar la causa exacta del deceso. En la escena, los investigadores secuestraron elementos de inter\u00e9s como un trozo de rama y prendas de vestir de la v\u00edctima.<\/p>\n<p>De acuerdo a las primeras averiguaciones, N\u00fa\u00f1ez habr\u00eda compartido bebidas alcoh\u00f3licas con Osbaldo V. (19) y un menor de 16 a\u00f1os, quienes posteriormente se vieron involucrados en una gresca con el fallecido. Ambos sospechosos fueron localizados y ya se encuentran a disposici\u00f3n de la Justicia.<\/p>\n<p>Durante un allanamiento en la vivienda del menor, los efectivos secuestraron prendas de vestir que habr\u00edan sido utilizadas durante la ri\u00f1a.<\/p>\n<p>Por orden del Juzgado de Instrucci\u00f3n N.\u00ba 3 de Iguaz\u00fa, el joven de 19 a\u00f1os fue notificado de su detenci\u00f3n en la causa caratulada como \u201cHomicidio\u201d, mientras que el adolescente fue trasladado al Centro Modelo de Asistencia y Seguimiento (CEMOAS) de Eldorado.<\/p>\n","protected":false},"excerpt":{"rendered":"<p>Bajada: El fallecido habria estado compartiendo una ronda de tragos con los ahora detenidos y<\/p>\n","protected":false},"author":1,"featured_media":53377,"comment_status":"closed","ping_status":"open","sticky":false,"template":"","format":"standard","meta":{"footnotes":""},"categories":[1,226,228],"tags":[],"class_list":["post-53376","post","type-post","status-publish","format-standard","has-post-thumbnail","hentry","category-actualidad","category-locales","category-policiales"],"_links":{"self":[{"href":"https:\/\/actualizateiguazu.com\/v3\/wp-json\/wp\/v2\/posts\/53376","targetHints":{"allow":["GET"]}}],"collection":[{"href":"https:\/\/actualizateiguazu.com\/v3\/wp-json\/wp\/v2\/posts"}],"about":[{"href":"https:\/\/actualizateiguazu.com\/v3\/wp-json\/wp\/v2\/types\/post"}],"author":[{"embeddable":true,"href":"https:\/\/actualizateiguazu.com\/v3\/wp-json\/wp\/v2\/users\/1"}],"replies":[{"embeddable":true,"href":"https:\/\/actualizateiguazu.com\/v3\/wp-json\/wp\/v2\/comments?post=53376"}],"version-history":[{"count":2,"href":"https:\/\/actualizateiguazu.com\/v3\/wp-json\/wp\/v2\/posts\/53376\/revisions"}],"predecessor-version":[{"id":53379,"href":"https:\/\/actualizateiguazu.com\/v3\/wp-json\/wp\/v2\/posts\/53376\/revisions\/53379"}],"wp:featuredmedia":[{"embeddable":true,"href":"https:\/\/actualizateiguazu.com\/v3\/wp-json\/wp\/v2\/media\/53377"}],"wp:attachment":[{"href":"https:\/\/actualizateiguazu.com\/v3\/wp-json\/wp\/v2\/media?parent=53376"}],"wp:term":[{"taxonomy":"category","embeddable":true,"href":"https:\/\/actualizateiguazu.com\/v3\/wp-json\/wp\/v2\/categories?post=53376"},{"taxonomy":"post_tag","embeddable":true,"href":"https:\/\/actualizateiguazu.com\/v3\/wp-json\/wp\/v2\/tags?post=53376"}],"curies":[{"name":"wp","href":"https:\/\/api.w.org\/{rel}","templated":true}]}}