{"id":53442,"date":"2025-10-01T20:08:37","date_gmt":"2025-10-01T23:08:37","guid":{"rendered":"https:\/\/actualizateiguazu.com\/v3\/?p=53442"},"modified":"2025-10-01T20:08:37","modified_gmt":"2025-10-01T23:08:37","slug":"imputaron-a-los-dos-acusados-de-matar-a-un-joven-mbya-de-iguazu-durante-una-gresca","status":"publish","type":"post","link":"https:\/\/actualizateiguazu.com\/v3\/2025\/10\/01\/imputaron-a-los-dos-acusados-de-matar-a-un-joven-mbya-de-iguazu-durante-una-gresca\/","title":{"rendered":"Imputaron a los dos acusados de matar a un joven Mbya de Iguaz\u00fa durante una gresca"},"content":{"rendered":"<p>Osbaldo V. (19) y un adolescente de 16 a\u00f1os se abstuvieron a declarar y recibieron la car\u00e1tula de homicidio simple por el crimen de C\u00e9sar N\u00fa\u00f1ez (18), quien habr\u00eda muerto durante una gresca. La autopsia confirm\u00f3 traumatismo tor\u00e1cico como causa de muerte. El mayor continuar\u00e1 detenido en sede policial y el menor en el Cemoas de Eldorado.<\/p>\n<p>Los dos acusados de asesinar a C\u00e9sar N\u00fa\u00f1ez (18), el joven de la comunidad Mbya Guaran\u00ed Mboror\u00e9 de Puerto Iguaz\u00fa que fue hallado sin vida en un trillo durante la ma\u00f1ana del domingo, fueron trasladados al Juzgado de Instrucci\u00f3n Tres de Iguaz\u00fa para tomar el primer contacto con la justicia y ser notificados formalmente de la imputaci\u00f3n que les corresponde.<\/p>\n<p>Se trata de Osbaldo V. (19) y un adolescente de 16 a\u00f1os, quienes llegaron en la ma\u00f1ana de este mi\u00e9rcoles al juzgado para ser indagados. En ese marco, seg\u00fan fuentes judiciales, luego de comunicarse con el defensor oficial los dos sospechosos se limitaron a escuchar las pruebas que recaen contra ellos y optaron -por recomendaci\u00f3n de su abogado- no declarar.<\/p>\n<p>Fue as\u00ed que, luego de ser notificados de los elementos recabados hasta el momento, los dos acusados fueron imputados por la figura de homicidio simple. En tanto, por orden del magistrado Martin Brites, los dos fueron nuevamente alojados en sede policial y en el Cemoas respectivamente, mientras se contin\u00faa investigando las circunstancias del homicidio del joven de 18 a\u00f1os.<\/p>\n<p>Por otro lado, mediante fuentes con acceso al expediente, El Territorio pudo saber que el informe preliminar de la autopsia determin\u00f3 que N\u00fa\u00f1ez muri\u00f3 por un traumatismo tor\u00e1cico, producto de golpes recibidos durante una gresca con compa\u00f1eros de tragos.<\/p>\n<p>Tragos y gresca<\/p>\n<p>Como viene informando este medio, el homicidio de C\u00e9sar N\u00fa\u00f1ez fue registrado en la ma\u00f1ana del domingo 28 de septiembre, cuando su cuerpo sin vida y en posici\u00f3n c\u00fabito dorsal, fue hallado en un trillo detr\u00e1s de la escuela BOP 111.<\/p>\n<p>En la escena, los investigadores secuestraron elementos de inter\u00e9s, como un trozo de rama y prendas de vestir de la v\u00edctima. Respecto a los autores del crimen, los pesquisas pudieron averiguar que N\u00fa\u00f1ez habr\u00eda compartido bebidas alcoh\u00f3licas con los dos j\u00f3venes de 19 y 16 a\u00f1os, quienes posteriormente protagonizaron una gresca con N\u00fa\u00f1ez.<\/p>\n<p>Por ello, los dos apuntados fueron detenidos durante allanamientos. Justamente, en uno de los operativos, los efectivos secuestraron prendas de vestir que habr\u00edan sido utilizadas en la pelea.<\/p>\n","protected":false},"excerpt":{"rendered":"<p>Osbaldo V. (19) y un adolescente de 16 a\u00f1os se abstuvieron a declarar y recibieron<\/p>\n","protected":false},"author":1,"featured_media":53443,"comment_status":"closed","ping_status":"open","sticky":false,"template":"","format":"standard","meta":{"footnotes":""},"categories":[1,228],"tags":[],"class_list":["post-53442","post","type-post","status-publish","format-standard","has-post-thumbnail","hentry","category-actualidad","category-policiales"],"_links":{"self":[{"href":"https:\/\/actualizateiguazu.com\/v3\/wp-json\/wp\/v2\/posts\/53442","targetHints":{"allow":["GET"]}}],"collection":[{"href":"https:\/\/actualizateiguazu.com\/v3\/wp-json\/wp\/v2\/posts"}],"about":[{"href":"https:\/\/actualizateiguazu.com\/v3\/wp-json\/wp\/v2\/types\/post"}],"author":[{"embeddable":true,"href":"https:\/\/actualizateiguazu.com\/v3\/wp-json\/wp\/v2\/users\/1"}],"replies":[{"embeddable":true,"href":"https:\/\/actualizateiguazu.com\/v3\/wp-json\/wp\/v2\/comments?post=53442"}],"version-history":[{"count":1,"href":"https:\/\/actualizateiguazu.com\/v3\/wp-json\/wp\/v2\/posts\/53442\/revisions"}],"predecessor-version":[{"id":53444,"href":"https:\/\/actualizateiguazu.com\/v3\/wp-json\/wp\/v2\/posts\/53442\/revisions\/53444"}],"wp:featuredmedia":[{"embeddable":true,"href":"https:\/\/actualizateiguazu.com\/v3\/wp-json\/wp\/v2\/media\/53443"}],"wp:attachment":[{"href":"https:\/\/actualizateiguazu.com\/v3\/wp-json\/wp\/v2\/media?parent=53442"}],"wp:term":[{"taxonomy":"category","embeddable":true,"href":"https:\/\/actualizateiguazu.com\/v3\/wp-json\/wp\/v2\/categories?post=53442"},{"taxonomy":"post_tag","embeddable":true,"href":"https:\/\/actualizateiguazu.com\/v3\/wp-json\/wp\/v2\/tags?post=53442"}],"curies":[{"name":"wp","href":"https:\/\/api.w.org\/{rel}","templated":true}]}}