{"id":53460,"date":"2025-10-03T12:30:46","date_gmt":"2025-10-03T15:30:46","guid":{"rendered":"https:\/\/actualizateiguazu.com\/v3\/?p=53460"},"modified":"2025-10-03T12:52:53","modified_gmt":"2025-10-03T15:52:53","slug":"iguazu-dos-hombres-fueron-arrestados-por-robos-la-policia-recupero-lo-sustraido","status":"publish","type":"post","link":"https:\/\/actualizateiguazu.com\/v3\/2025\/10\/03\/iguazu-dos-hombres-fueron-arrestados-por-robos-la-policia-recupero-lo-sustraido\/","title":{"rendered":"Iguaz\u00fa: Dos hombres fueron arrestados por robos, la Polic\u00eda recupero lo sustra\u00eddo"},"content":{"rendered":"<p>Ladrones fueron captados por c\u00e1maras de seguridad. Se trata de dos robos, el primero a un lavadero y el segundo a una Farmacia<\/p>\n<p>La investigaci\u00f3n y el an\u00e1lisis de los registros f\u00edlmicos de las c\u00e1maras de seguridad en ambos hechos, permiti\u00f3 a los operadores de la Divisi\u00f3n Cibercrimen URV confirmar la identidad de los implicados<\/p>\n<p>Se trata de dos il\u00edcitos ocurridos en las \u00faltimas horas, las detenciones se concretaron en un r\u00e1pido accionar por efectivos de los efectivos de la Unidad Regional V. Los presuntos implicados ya cuentan con antecedentes por delitos similares, adem\u00e1s los il\u00edcitos quedaron registrados en c\u00e1maras de seguridad. Las investigaciones se iniciaron a ra\u00edz de denuncias que indicaron que los robos ocurrieron en jurisdicci\u00f3n de las comisarias secc. 1 y 2 da de la ciudad.<\/p>\n<p>El primer il\u00edcito se registr\u00f3 en las primeras horas del d\u00eda de ayer en un lavadero situado sobre la avenida Rep\u00fablica Argentina y Oscar Schmith, donde el propietario report\u00f3 el robo de una aspiradora industrial, 01 motor de compresor bidones de pl\u00e1stico conteniendo productos de limpieza.<\/p>\n<p><img loading=\"lazy\" decoding=\"async\" class=\"alignnone size-full wp-image-53462\" src=\"https:\/\/actualizateiguazu.com\/v3\/wp-content\/uploads\/2025\/10\/558095908_1216232083879380_6309426929854525812_n.jpg\" alt=\"\" width=\"1200\" height=\"1600\" srcset=\"https:\/\/actualizateiguazu.com\/v3\/wp-content\/uploads\/2025\/10\/558095908_1216232083879380_6309426929854525812_n.jpg 1200w, https:\/\/actualizateiguazu.com\/v3\/wp-content\/uploads\/2025\/10\/558095908_1216232083879380_6309426929854525812_n-225x300.jpg 225w, https:\/\/actualizateiguazu.com\/v3\/wp-content\/uploads\/2025\/10\/558095908_1216232083879380_6309426929854525812_n-768x1024.jpg 768w, https:\/\/actualizateiguazu.com\/v3\/wp-content\/uploads\/2025\/10\/558095908_1216232083879380_6309426929854525812_n-1152x1536.jpg 1152w, https:\/\/actualizateiguazu.com\/v3\/wp-content\/uploads\/2025\/10\/558095908_1216232083879380_6309426929854525812_n-450x600.jpg 450w\" sizes=\"auto, (max-width: 1200px) 100vw, 1200px\" \/><\/p>\n<p>Fue en el contexto de la investigaci\u00f3n en un operativo encubierto que fue detenido Francisco M. de 24 a\u00f1os quien se hallaba en la Plaza de los Ni\u00f1os y en su poder se secuestr\u00f3 bidones pl\u00e1sticos y un motor compresor que fueron denunciados como sustra\u00eddos de manera paralela se recuper\u00f3 una aspiradora que ya hab\u00eda sido comercializado en inmediaciones a la plaza de menci\u00f3n.<\/p>\n<p>Por su parte efectivos de la comisaria seccional 1 URV en la madrugada de este viernes, un r\u00e1pido y coordinado accionar policial culmin\u00f3 en la detenci\u00f3n de David N. conocido como \u201cOrti\u201d de 32 a\u00f1os quien ingres\u00f3 a robar en una farmacia ubicada en zona c\u00e9ntrica.<\/p>\n<p>Con las caracter\u00edsticas f\u00edsicas aportadas por las im\u00e1genes del il\u00edcito registrado, los efectivos desplegaron un rastrillaje y lograron interceptar en el barrio Villa Tacuara al delincuente quien intentaba alejarse del lugar transportando los elementos presuntamente sustra\u00eddos, fue as\u00ed que en su poder se secuestr\u00f3 cuatro perfumes de distintas marcas.<\/p>\n<p>Los detenidos fueron trasladados a las comisarias jurisdiccionales para las diligencias correspondientes. En tanto lo recuperado ser\u00e1 restituido a sus damnificados en las pr\u00f3ximas horas.<\/p>\n","protected":false},"excerpt":{"rendered":"<p>Ladrones fueron captados por c\u00e1maras de seguridad. Se trata de dos robos, el primero a<\/p>\n","protected":false},"author":1,"featured_media":53461,"comment_status":"closed","ping_status":"open","sticky":false,"template":"","format":"standard","meta":{"footnotes":""},"categories":[1,228],"tags":[],"class_list":["post-53460","post","type-post","status-publish","format-standard","has-post-thumbnail","hentry","category-actualidad","category-policiales"],"_links":{"self":[{"href":"https:\/\/actualizateiguazu.com\/v3\/wp-json\/wp\/v2\/posts\/53460","targetHints":{"allow":["GET"]}}],"collection":[{"href":"https:\/\/actualizateiguazu.com\/v3\/wp-json\/wp\/v2\/posts"}],"about":[{"href":"https:\/\/actualizateiguazu.com\/v3\/wp-json\/wp\/v2\/types\/post"}],"author":[{"embeddable":true,"href":"https:\/\/actualizateiguazu.com\/v3\/wp-json\/wp\/v2\/users\/1"}],"replies":[{"embeddable":true,"href":"https:\/\/actualizateiguazu.com\/v3\/wp-json\/wp\/v2\/comments?post=53460"}],"version-history":[{"count":1,"href":"https:\/\/actualizateiguazu.com\/v3\/wp-json\/wp\/v2\/posts\/53460\/revisions"}],"predecessor-version":[{"id":53463,"href":"https:\/\/actualizateiguazu.com\/v3\/wp-json\/wp\/v2\/posts\/53460\/revisions\/53463"}],"wp:featuredmedia":[{"embeddable":true,"href":"https:\/\/actualizateiguazu.com\/v3\/wp-json\/wp\/v2\/media\/53461"}],"wp:attachment":[{"href":"https:\/\/actualizateiguazu.com\/v3\/wp-json\/wp\/v2\/media?parent=53460"}],"wp:term":[{"taxonomy":"category","embeddable":true,"href":"https:\/\/actualizateiguazu.com\/v3\/wp-json\/wp\/v2\/categories?post=53460"},{"taxonomy":"post_tag","embeddable":true,"href":"https:\/\/actualizateiguazu.com\/v3\/wp-json\/wp\/v2\/tags?post=53460"}],"curies":[{"name":"wp","href":"https:\/\/api.w.org\/{rel}","templated":true}]}}