{"id":53495,"date":"2025-10-04T22:36:27","date_gmt":"2025-10-05T01:36:27","guid":{"rendered":"https:\/\/actualizateiguazu.com\/v3\/?p=53495"},"modified":"2025-10-04T22:36:27","modified_gmt":"2025-10-05T01:36:27","slug":"dos-vehiculos-robados-en-buenos-aires-fueron-secuestrados-en-operativos-policiales","status":"publish","type":"post","link":"https:\/\/actualizateiguazu.com\/v3\/2025\/10\/04\/dos-vehiculos-robados-en-buenos-aires-fueron-secuestrados-en-operativos-policiales\/","title":{"rendered":"Dos veh\u00edculos robados en Buenos Aires fueron secuestrados en operativos policiales"},"content":{"rendered":"<p>Se trata de un autom\u00f3vil que estaba estacionado en el centro de Puerto Iguaz\u00fa y una motocicleta que habr\u00eda sido abandonada en la localidad de Wanda.<\/p>\n<p>En dos intervenciones llevadas a cabo por la Polic\u00eda de Misiones, se incautaron en Iguaz\u00fa un veh\u00edculo que habr\u00eda sido robado en Buenos Aires y en la localidad de Wanda una motocicleta en las mismas condiciones.<\/p>\n<p>El primer procedimiento se registr\u00f3 sobre la avenida C\u00f3rdoba de esta ciudad, personal encubierto del Departamento Brigada inteligencia de Frontera y Divisi\u00f3n Drogas Peligrosas URV realizaban patrullajes Preventivos cuando detectaron un autom\u00f3vil marca Ford modelo Fiesta kinetic de dudosa procedencia el cual se hallaba estacionado sin ocupantes.<\/p>\n<p>Inmediatamente se solicit\u00f3 a la Direcci\u00f3n Inteligencia Criminal de la Polic\u00eda de Misiones quienes a trav\u00e9s de la base de datos policial establecieron que el veh\u00edculo ten\u00eda pedido de secuestro activo en la provincia de Buenos Aires.<\/p>\n<p>Por otra parte, pasado el mediod\u00eda del viernes en zona c\u00e9ntrica de la localidad de Wanda, efectivos policiales de la Divisi\u00f3n Comando Radioel\u00e9ctrico de esa localidad realizaban recorridas cuando detectaron abandonado y tras un lapso de espera en el lugar no se acerc\u00f3 propietario alguno, se trata de una motocicleta marca Honda modelo Wave de color negro. Al realizar el an\u00e1lisis t\u00e9cnico del rodado, se estableci\u00f3 que hab\u00eda sido sustra\u00eddo en Buenos Aires en Agosto del A\u00f1o 2024.<\/p>\n<p>Por disposici\u00f3n del Juzgado de Instrucci\u00f3n Tres de Puerto Iguaz\u00fa en ambos procedimientos se procedi\u00f3 al secuestro de los rodados y al traslado a sede policial donde permanece depositados a fin de dar continuidad a las diligencias de rigor.<\/p>\n","protected":false},"excerpt":{"rendered":"<p>Se trata de un autom\u00f3vil que estaba estacionado en el centro de Puerto Iguaz\u00fa y<\/p>\n","protected":false},"author":1,"featured_media":53496,"comment_status":"closed","ping_status":"open","sticky":false,"template":"","format":"standard","meta":{"footnotes":""},"categories":[1,228],"tags":[],"class_list":["post-53495","post","type-post","status-publish","format-standard","has-post-thumbnail","hentry","category-actualidad","category-policiales"],"_links":{"self":[{"href":"https:\/\/actualizateiguazu.com\/v3\/wp-json\/wp\/v2\/posts\/53495","targetHints":{"allow":["GET"]}}],"collection":[{"href":"https:\/\/actualizateiguazu.com\/v3\/wp-json\/wp\/v2\/posts"}],"about":[{"href":"https:\/\/actualizateiguazu.com\/v3\/wp-json\/wp\/v2\/types\/post"}],"author":[{"embeddable":true,"href":"https:\/\/actualizateiguazu.com\/v3\/wp-json\/wp\/v2\/users\/1"}],"replies":[{"embeddable":true,"href":"https:\/\/actualizateiguazu.com\/v3\/wp-json\/wp\/v2\/comments?post=53495"}],"version-history":[{"count":1,"href":"https:\/\/actualizateiguazu.com\/v3\/wp-json\/wp\/v2\/posts\/53495\/revisions"}],"predecessor-version":[{"id":53497,"href":"https:\/\/actualizateiguazu.com\/v3\/wp-json\/wp\/v2\/posts\/53495\/revisions\/53497"}],"wp:featuredmedia":[{"embeddable":true,"href":"https:\/\/actualizateiguazu.com\/v3\/wp-json\/wp\/v2\/media\/53496"}],"wp:attachment":[{"href":"https:\/\/actualizateiguazu.com\/v3\/wp-json\/wp\/v2\/media?parent=53495"}],"wp:term":[{"taxonomy":"category","embeddable":true,"href":"https:\/\/actualizateiguazu.com\/v3\/wp-json\/wp\/v2\/categories?post=53495"},{"taxonomy":"post_tag","embeddable":true,"href":"https:\/\/actualizateiguazu.com\/v3\/wp-json\/wp\/v2\/tags?post=53495"}],"curies":[{"name":"wp","href":"https:\/\/api.w.org\/{rel}","templated":true}]}}