{"id":53562,"date":"2025-10-09T21:29:15","date_gmt":"2025-10-10T00:29:15","guid":{"rendered":"https:\/\/actualizateiguazu.com\/v3\/?p=53562"},"modified":"2025-10-09T21:29:15","modified_gmt":"2025-10-10T00:29:15","slug":"finalmente-dona-tola-recupero-la-paz-su-nieto-retiro-sus-cosas-de-la-propiedad","status":"publish","type":"post","link":"https:\/\/actualizateiguazu.com\/v3\/2025\/10\/09\/finalmente-dona-tola-recupero-la-paz-su-nieto-retiro-sus-cosas-de-la-propiedad\/","title":{"rendered":"Finalmente, Do\u00f1a Tola recuper\u00f3 la paz, su nieto retir\u00f3 sus cosas de la propiedad"},"content":{"rendered":"<p>A pocas horas de que se cumpla el plazo dispuesto por la justicia para retirarse de la vivienda de Nelly Sotelo (99) conocida como Do\u00f1a Tola, su nieto se retir\u00f3 de la vivienda. Continua vigente la orden de alejamiento.<\/p>\n<p>El calvario de Do\u00f1a Tola lleg\u00f3 a su fin, pese a los tr\u00e1mites burocr\u00e1ticos y a las denuncias cruzadas que prolongaron la angustia de la mujer que solamente buscaba volver a su propiedad y disfrutar sus \u00faltimos d\u00edas de vida. Tras la exposici\u00f3n del caso en los medios de comunicaci\u00f3n la Justicia actu\u00f3 y libr\u00f3 una orden de desalojo para su nieto Alberto que ocupaba parte de la propiedad sin autorizaci\u00f3n. En la tarde de este jueves el hombre se retir\u00f3 junto a sus pertenencias del lugar.<\/p>\n<p>Nelly Sotelo esta postrada en una cama y volvi\u00f3 de Posadas en el mes de julio para recuperar su propiedad que era ocupada por su nieto Alberto quien en el a\u00f1o 2020 se hizo cargo de la administraci\u00f3n del inmueble. Al volver, su nieto no quiso retirarse del inmueble y comenz\u00f3 a denunciar a su propia hermana, quien esta a cargo de Do\u00f1a Tola, para evitar ser desalojado, no obstante, el pedido de justicia de la anciana lleg\u00f3 al odio de los jueces quienes actuaron en consecuencia.<\/p>\n<p>Desde las 13 horas, el hombre estuvo trabajando retirando sus pertenencias, cerca de las 17 horas una Comisi\u00f3n policial arribo al lugar para corroborar que este ya habr\u00eda retirado sus pertenencias y constat\u00f3 que este no dejo nada en el lugar. \u201cLa abuela se siente mas tranquila ahora, tenemos mucho que limpiar y arreglar en el predio, pero bueno, lo que l abuela quer\u00eda era recuperar su tranquilidad y poder vivir en paz, sin miedo\u201d explic\u00f3 M\u00f3nica su cuidadora.<\/p>\n<p>Desde este jueves, Do\u00f1a Tola volver\u00e1 a tener paz, y podr\u00e1 comenzar a recuperar su casa con la ayuda de su nieta que la ciudad hace ya varios a\u00f1os.<\/p>\n<blockquote class=\"wp-embedded-content\" data-secret=\"MRYYoKML8S\"><p><a href=\"https:\/\/actualizateiguazu.com\/v3\/2025\/10\/08\/tras-el-pedido-de-justicia-de-una-anciana-se-dispuso-un-plazo-de-7-dias-para-el-desalojo-de-la-vivienda\/\">Tras el pedido de justicia de Do\u00f1a Tola se dispuso un plazo de 7 d\u00edas para el desalojo de la vivienda<\/a><\/p><\/blockquote>\n<p><iframe loading=\"lazy\" class=\"wp-embedded-content\" sandbox=\"allow-scripts\" security=\"restricted\" style=\"position: absolute; visibility: hidden;\" title=\"\u00abTras el pedido de justicia de Do\u00f1a Tola se dispuso un plazo de 7 d\u00edas para el desalojo de la vivienda\u00bb \u2014 Actualizate Iguaz\u00fa\" src=\"https:\/\/actualizateiguazu.com\/v3\/2025\/10\/08\/tras-el-pedido-de-justicia-de-una-anciana-se-dispuso-un-plazo-de-7-dias-para-el-desalojo-de-la-vivienda\/embed\/#?secret=EQZDbqNxZX#?secret=MRYYoKML8S\" data-secret=\"MRYYoKML8S\" width=\"600\" height=\"338\" frameborder=\"0\" marginwidth=\"0\" marginheight=\"0\" scrolling=\"no\"><\/iframe><\/p>\n<p>&nbsp;<\/p>\n<p>&nbsp;<\/p>\n","protected":false},"excerpt":{"rendered":"<p>A pocas horas de que se cumpla el plazo dispuesto por la justicia para retirarse<\/p>\n","protected":false},"author":1,"featured_media":53563,"comment_status":"closed","ping_status":"open","sticky":false,"template":"","format":"standard","meta":{"footnotes":""},"categories":[1,226],"tags":[],"class_list":["post-53562","post","type-post","status-publish","format-standard","has-post-thumbnail","hentry","category-actualidad","category-locales"],"_links":{"self":[{"href":"https:\/\/actualizateiguazu.com\/v3\/wp-json\/wp\/v2\/posts\/53562","targetHints":{"allow":["GET"]}}],"collection":[{"href":"https:\/\/actualizateiguazu.com\/v3\/wp-json\/wp\/v2\/posts"}],"about":[{"href":"https:\/\/actualizateiguazu.com\/v3\/wp-json\/wp\/v2\/types\/post"}],"author":[{"embeddable":true,"href":"https:\/\/actualizateiguazu.com\/v3\/wp-json\/wp\/v2\/users\/1"}],"replies":[{"embeddable":true,"href":"https:\/\/actualizateiguazu.com\/v3\/wp-json\/wp\/v2\/comments?post=53562"}],"version-history":[{"count":1,"href":"https:\/\/actualizateiguazu.com\/v3\/wp-json\/wp\/v2\/posts\/53562\/revisions"}],"predecessor-version":[{"id":53564,"href":"https:\/\/actualizateiguazu.com\/v3\/wp-json\/wp\/v2\/posts\/53562\/revisions\/53564"}],"wp:featuredmedia":[{"embeddable":true,"href":"https:\/\/actualizateiguazu.com\/v3\/wp-json\/wp\/v2\/media\/53563"}],"wp:attachment":[{"href":"https:\/\/actualizateiguazu.com\/v3\/wp-json\/wp\/v2\/media?parent=53562"}],"wp:term":[{"taxonomy":"category","embeddable":true,"href":"https:\/\/actualizateiguazu.com\/v3\/wp-json\/wp\/v2\/categories?post=53562"},{"taxonomy":"post_tag","embeddable":true,"href":"https:\/\/actualizateiguazu.com\/v3\/wp-json\/wp\/v2\/tags?post=53562"}],"curies":[{"name":"wp","href":"https:\/\/api.w.org\/{rel}","templated":true}]}}