{"id":53591,"date":"2025-10-12T12:02:53","date_gmt":"2025-10-12T15:02:53","guid":{"rendered":"https:\/\/actualizateiguazu.com\/v3\/?p=53591"},"modified":"2025-10-12T12:09:52","modified_gmt":"2025-10-12T15:09:52","slug":"por-4o-ano-consecutivo-edgardo-franco-gano-la-media-maraton-de-las-tres-fronteras","status":"publish","type":"post","link":"https:\/\/actualizateiguazu.com\/v3\/2025\/10\/12\/por-4o-ano-consecutivo-edgardo-franco-gano-la-media-maraton-de-las-tres-fronteras\/","title":{"rendered":"Por 4\u00ba a\u00f1o consecutivo Edgardo Franco gan\u00f3 la Media Maraton de las Tres Fronteras."},"content":{"rendered":"<p>El corredor Misionero oriundo de Azara lo hizo de nuevo, se coron\u00f3 por cuarto a\u00f1o consecutivo como el corredor m\u00e1s r\u00e1pido de las Tres Fronteras, super\u00f3 por algunas mil\u00e9simas de segundo al corredor de elite Ezequiel\u2008Chavarr\u00eda, quien representa a la Argentina a nivel mundial<\/p>\n<p>Bajo un alerta meteorol\u00f3gico y una intensa lluvia, a las 6 de la ma\u00f1ana, 4.300 corredores no se acobardaron y disfrutaron de una jornada deportiva. Desde la municipalidad de Ciudad del Este, una parte de estos corredores, largaron para recorrer 21 kil\u00f3metros y finalizar la carrera en el hito de las Tres Fronteras de Puerto Iguaz\u00fa recorriendo calles de Foz do Iguaz\u00fa en medio del circuito. De forma simult\u00e1nea a las 6 de la ma\u00f1ana otro grupo de atletas parti\u00f3 desde el Marco de las Tres Fronteras de Foz do Iguaz\u00fa para recorrer 10.5 kil\u00f3metros y finalizar la carrera tambi\u00e9n en el Hito argentino. \u00a0Este a\u00f1o cambiaron las modalidades y se elimin\u00f3 la categor\u00eda posta.<\/p>\n<p>Los corredores apreciaron una intensa lluvia durante todo el recorrido y mientras esperaban la premiaci\u00f3n. Desde la organizaci\u00f3n registraron una serie de inconvenientes como cortes del suministro de energ\u00eda el\u00e9ctrica y complicaciones con la se\u00f1alizaci\u00f3n del trayecto de los corredores en territorio brasile\u00f1o.<\/p>\n<p><img loading=\"lazy\" decoding=\"async\" class=\"alignnone size-full wp-image-53593\" src=\"https:\/\/actualizateiguazu.com\/v3\/wp-content\/uploads\/2025\/10\/IMG_20251012_072406-scaled.jpg\" alt=\"\" width=\"2560\" height=\"1928\" srcset=\"https:\/\/actualizateiguazu.com\/v3\/wp-content\/uploads\/2025\/10\/IMG_20251012_072406-scaled.jpg 2560w, https:\/\/actualizateiguazu.com\/v3\/wp-content\/uploads\/2025\/10\/IMG_20251012_072406-300x226.jpg 300w, https:\/\/actualizateiguazu.com\/v3\/wp-content\/uploads\/2025\/10\/IMG_20251012_072406-1024x771.jpg 1024w, https:\/\/actualizateiguazu.com\/v3\/wp-content\/uploads\/2025\/10\/IMG_20251012_072406-768x578.jpg 768w, https:\/\/actualizateiguazu.com\/v3\/wp-content\/uploads\/2025\/10\/IMG_20251012_072406-1536x1157.jpg 1536w, https:\/\/actualizateiguazu.com\/v3\/wp-content\/uploads\/2025\/10\/IMG_20251012_072406-2048x1542.jpg 2048w\" sizes=\"auto, (max-width: 2560px) 100vw, 2560px\" \/><\/p>\n<p>Este a\u00f1o la municipalidad de Puerto Iguaz\u00fa invit\u00f3 a dos corredores de elite, la eldoradense Chiara\u2008Mainetti, campeona sudamericana de marat\u00f3n en 2024 y actualmente quinta maratonista m\u00e1s r\u00e1pida en la historia de Argentina y el tucumano Ezequiel\u2008Chavarr\u00eda, quien representa a la Argentina a nivel mundial y logr\u00f3 un tiempo de 2h19m59s en la\u2008Marat\u00f3n de Valencia, Espa\u00f1a.<\/p>\n<p>Tal como se esperaba, los atletas comenzaron a llegar a la meta pasadas las 6.30 horas, el primero en cruzar la meta fue Marcelo Maldonado oriundo de Ecuador, completo los 10.5km en 34 minutos, tres minutos m\u00e1s tarde cruz\u00f3 la meta el correntino Mat\u00edas Acevedo y completo el podio general masculino por los 10.5k Daniel Henrrique oriundo de Cafelandia Paran\u00e1, Brasil con un tiempo de 39 minutos.<\/p>\n<p>En el caso de los 10.5 femenino, el lugar m\u00e1s alto del podio lo ocupo la brasile\u00f1a Juliana Gomez Dos Santos quien culmin\u00f3 el recorrido en 39 minutos. El segundo lugar lo conquist\u00f3 la atleta correntina Madelein Bordon y el tercer puesto fue para Luciana Fernanda Rohden Kempe de Santa Rita Paraguay.<\/p>\n<p><img loading=\"lazy\" decoding=\"async\" class=\"alignnone size-full wp-image-53594\" src=\"https:\/\/actualizateiguazu.com\/v3\/wp-content\/uploads\/2025\/10\/IMG_20251012_073041-scaled.jpg\" alt=\"\" width=\"2560\" height=\"1928\" srcset=\"https:\/\/actualizateiguazu.com\/v3\/wp-content\/uploads\/2025\/10\/IMG_20251012_073041-scaled.jpg 2560w, https:\/\/actualizateiguazu.com\/v3\/wp-content\/uploads\/2025\/10\/IMG_20251012_073041-300x226.jpg 300w, https:\/\/actualizateiguazu.com\/v3\/wp-content\/uploads\/2025\/10\/IMG_20251012_073041-1024x771.jpg 1024w, https:\/\/actualizateiguazu.com\/v3\/wp-content\/uploads\/2025\/10\/IMG_20251012_073041-768x578.jpg 768w, https:\/\/actualizateiguazu.com\/v3\/wp-content\/uploads\/2025\/10\/IMG_20251012_073041-1536x1157.jpg 1536w, https:\/\/actualizateiguazu.com\/v3\/wp-content\/uploads\/2025\/10\/IMG_20251012_073041-2048x1542.jpg 2048w\" sizes=\"auto, (max-width: 2560px) 100vw, 2560px\" \/><\/p>\n<p>Edgardo Franco de Azara campe\u00f3n de los 21 kil\u00f3metros, luch\u00f3 en todo momento porque lo segu\u00eda muy cerca el tucumano Ezequiel Chavarria corredor de Elite que representa al pa\u00eds a nivel Mundial. \u201cLa verdad tengo mucha bronca, la organizaci\u00f3n no me tuvo en cuenta, me trajeron un rival muy duro pero le pude ganar. Como todos saben yo trabajo en un aserradero y entreno, no tengo sponsor, la Municipalidad de Azara me apoya y con eso puedo participar\u201d<\/p>\n<p>Asimismo, Franco se mostr\u00f3 conforme con su rendimiento \u201cEsta carrera es muy dura, los \u00faltimos metros fueron los m\u00e1s dif\u00edciles porque el esfuerzo me hizo sentir mal, llegue ya con arcadas, pero le gane a mi rival\u201d y agreg\u00f3 \u201cLa verdad, el correr con lluvia a mi me favoreci\u00f3, yo amo la lluvia, y me encanta entrenar con lluvia estoy muy feliz por poder ganar de nuevo esta carrera\u201d<\/p>\n<p>Franco agradeci\u00f3 a su familia, a su esposa, a su hijo, a su madre, a la municipalidad de Azara y a su entrenador. \u201cSin ese apoyo, yo no podr\u00eda\u201d remat\u00f3<\/p>\n<p>Respecto a los tiempos de la general masculino, Edgardo Franco finaliz\u00f3 los 21 kil\u00f3metros en 1h12m08s56, el segundo Ezequiel Chavarria completo la carrera en 1h12m11s94 y completo el podio Axel Garc\u00eda con el tiempo de 1h17m48s32.<\/p>\n<p>En lo alto del podio de los 21k femenino se ubico Luciana De Lima Povoa con 1h23m18s Lorena Sales Lima en el segundo lugar con un tiempo de 1h24m02s y el tercer puesto fue para Liliane Souza Cruz con 1h26m23s. En 4to lugar llego la eldoradense Chiara M Mainetti \u201cFue una carrera muy dura, muchas pendientes, nos perdimos con el pelot\u00f3n masculino, una l\u00e1stima. Pero muy lindo correr con lluvia, no se si correr\u00eda esta carrera con sol, porque es muy duro el circuito\u201d indico Mainetti.<\/p>\n<p><img loading=\"lazy\" decoding=\"async\" class=\"alignnone size-full wp-image-53595\" src=\"https:\/\/actualizateiguazu.com\/v3\/wp-content\/uploads\/2025\/10\/IMG_20251012_073353-scaled.jpg\" alt=\"\" width=\"2560\" height=\"1928\" srcset=\"https:\/\/actualizateiguazu.com\/v3\/wp-content\/uploads\/2025\/10\/IMG_20251012_073353-scaled.jpg 2560w, https:\/\/actualizateiguazu.com\/v3\/wp-content\/uploads\/2025\/10\/IMG_20251012_073353-300x226.jpg 300w, https:\/\/actualizateiguazu.com\/v3\/wp-content\/uploads\/2025\/10\/IMG_20251012_073353-1024x771.jpg 1024w, https:\/\/actualizateiguazu.com\/v3\/wp-content\/uploads\/2025\/10\/IMG_20251012_073353-768x578.jpg 768w, https:\/\/actualizateiguazu.com\/v3\/wp-content\/uploads\/2025\/10\/IMG_20251012_073353-1536x1157.jpg 1536w, https:\/\/actualizateiguazu.com\/v3\/wp-content\/uploads\/2025\/10\/IMG_20251012_073353-2048x1542.jpg 2048w\" sizes=\"auto, (max-width: 2560px) 100vw, 2560px\" \/><\/p>\n<p>Muchos corredores presentaron quejas por la falta de se\u00f1alizaci\u00f3n del recorrido en el sector de Brasil, una gran cantidad se perdi\u00f3 en el recorrido perjudicando su rendimiento. Colaboro en los puestos de hidrataci\u00f3n el Ejercito Argentino. Durante varias horas llegaron corredores, la actividad finaliz\u00f3 con la entrega de premios en el Hito de las Tres Fronteras bajo una intensa lluvia.<\/p>\n<p>&nbsp;<\/p>\n<p>&nbsp;<\/p>\n","protected":false},"excerpt":{"rendered":"<p>El corredor Misionero oriundo de Azara lo hizo de nuevo, se coron\u00f3 por cuarto a\u00f1o<\/p>\n","protected":false},"author":1,"featured_media":53592,"comment_status":"closed","ping_status":"open","sticky":false,"template":"","format":"standard","meta":{"footnotes":""},"categories":[1,223,226],"tags":[],"class_list":["post-53591","post","type-post","status-publish","format-standard","has-post-thumbnail","hentry","category-actualidad","category-deportes","category-locales"],"_links":{"self":[{"href":"https:\/\/actualizateiguazu.com\/v3\/wp-json\/wp\/v2\/posts\/53591","targetHints":{"allow":["GET"]}}],"collection":[{"href":"https:\/\/actualizateiguazu.com\/v3\/wp-json\/wp\/v2\/posts"}],"about":[{"href":"https:\/\/actualizateiguazu.com\/v3\/wp-json\/wp\/v2\/types\/post"}],"author":[{"embeddable":true,"href":"https:\/\/actualizateiguazu.com\/v3\/wp-json\/wp\/v2\/users\/1"}],"replies":[{"embeddable":true,"href":"https:\/\/actualizateiguazu.com\/v3\/wp-json\/wp\/v2\/comments?post=53591"}],"version-history":[{"count":3,"href":"https:\/\/actualizateiguazu.com\/v3\/wp-json\/wp\/v2\/posts\/53591\/revisions"}],"predecessor-version":[{"id":53598,"href":"https:\/\/actualizateiguazu.com\/v3\/wp-json\/wp\/v2\/posts\/53591\/revisions\/53598"}],"wp:featuredmedia":[{"embeddable":true,"href":"https:\/\/actualizateiguazu.com\/v3\/wp-json\/wp\/v2\/media\/53592"}],"wp:attachment":[{"href":"https:\/\/actualizateiguazu.com\/v3\/wp-json\/wp\/v2\/media?parent=53591"}],"wp:term":[{"taxonomy":"category","embeddable":true,"href":"https:\/\/actualizateiguazu.com\/v3\/wp-json\/wp\/v2\/categories?post=53591"},{"taxonomy":"post_tag","embeddable":true,"href":"https:\/\/actualizateiguazu.com\/v3\/wp-json\/wp\/v2\/tags?post=53591"}],"curies":[{"name":"wp","href":"https:\/\/api.w.org\/{rel}","templated":true}]}}