{"id":53649,"date":"2025-10-14T17:57:24","date_gmt":"2025-10-14T20:57:24","guid":{"rendered":"https:\/\/actualizateiguazu.com\/v3\/?p=53649"},"modified":"2025-10-14T17:57:24","modified_gmt":"2025-10-14T20:57:24","slug":"cinco-detenidos-y-una-menor-rescatada-durante-un-operativo-en-garupa-y-posadas","status":"publish","type":"post","link":"https:\/\/actualizateiguazu.com\/v3\/2025\/10\/14\/cinco-detenidos-y-una-menor-rescatada-durante-un-operativo-en-garupa-y-posadas\/","title":{"rendered":"Cinco detenidos y una menor rescatada durante un operativo en Garup\u00e1 y Posadas"},"content":{"rendered":"<p>La investigaci\u00f3n comenz\u00f3 tras la desaparici\u00f3n de dos adolescentes que resid\u00edan en el Hogar Papa Francisco. Una de las j\u00f3venes se habr\u00eda acercado a la comisaria y dio a conocer el paradero de la otra joven.<\/p>\n<p>La Procuraci\u00f3n General del Poder Judicial, junto con el Juzgado de Instrucci\u00f3n N\u00b0 1 de Posadas y la Polic\u00eda de Misiones, encabez\u00f3 una serie de allanamientos en el marco de una investigaci\u00f3n por grooming. Las intervenciones, dirigidas por el juez Dr. Juan Manuel Monte, permitieron rescatar a una ni\u00f1a de 13 a\u00f1os y detener a cinco hombres. La investigaci\u00f3n avanza con hermetismo y brindaron mas detalles hasta el momento.<\/p>\n<p>Seg\u00fan el parte policial difundido por jefatura de la polic\u00eda de Misiones, este martes, la Justicia y la Polic\u00eda de Misiones llevaron adelante un amplio procedimiento simult\u00e1neo en dos puntos de la capital provincial.<\/p>\n<p>El primero tuvo lugar en un predio abandonado \u2014la ex \u201cEnvasadora Misionera\u201d\u2014 ubicado sobre la calle Las Azaleas del barrio \u00d1u Por\u00e1, en Garup\u00e1, donde los efectivos hallaron a la menor, quien se hab\u00eda ausentado del Hogar Papa Francisco el pasado 12 de octubre. En el lugar fueron arrestados tres hombres, identificados como Pedro G. (37), Eugenio A. (63) y Samuel N. (63), quienes se encontraban junto a la v\u00edctima.<\/p>\n<p><img loading=\"lazy\" decoding=\"async\" class=\"alignnone size-full wp-image-53651\" src=\"https:\/\/actualizateiguazu.com\/v3\/wp-content\/uploads\/2025\/10\/WhatsApp-Image-2025-10-14-at-14.46.09.jpeg\" alt=\"\" width=\"1280\" height=\"577\" srcset=\"https:\/\/actualizateiguazu.com\/v3\/wp-content\/uploads\/2025\/10\/WhatsApp-Image-2025-10-14-at-14.46.09.jpeg 1280w, https:\/\/actualizateiguazu.com\/v3\/wp-content\/uploads\/2025\/10\/WhatsApp-Image-2025-10-14-at-14.46.09-300x135.jpeg 300w, https:\/\/actualizateiguazu.com\/v3\/wp-content\/uploads\/2025\/10\/WhatsApp-Image-2025-10-14-at-14.46.09-1024x462.jpeg 1024w, https:\/\/actualizateiguazu.com\/v3\/wp-content\/uploads\/2025\/10\/WhatsApp-Image-2025-10-14-at-14.46.09-768x346.jpeg 768w\" sizes=\"auto, (max-width: 1280px) 100vw, 1280px\" \/><\/p>\n<p>Al mismo tiempo, otra intervenci\u00f3n se realiz\u00f3 en una gomer\u00eda y en una oficina de Posadas, donde fue detenido, Mat\u00edas C. (19) y posteriormente Mario M. (43), ambos tambi\u00e9n vinculados a la investigaci\u00f3n. Las medidas se ejecutaron bajo la supervisi\u00f3n de la Procuraci\u00f3n General del Poder Judicial, encabezada por el Dr. Carlos Gim\u00e9nez, y fueron dirigidas por el Juzgado de Instrucci\u00f3n N\u00b0 1 de Posadas, a cargo del Dr. Juan Manuel Monte, con la intervenci\u00f3n del Fiscal de Ciberdelitos, Dr. Juan Pablo Espeche.<\/p>\n<p>Por disposici\u00f3n judicial, la menor fue trasladada al Cuerpo M\u00e9dico Forense para la activaci\u00f3n del protocolo de abuso, acompa\u00f1ada por la psic\u00f3loga del Hogar Papa Francisco y la negociadora policial, Oficial Principal Mariela Acosta, jefa del Departamento de Negociaci\u00f3n.<\/p>\n<p>Cabe mencionar, que horas antes, otra menor que se hab\u00eda fugado junto con la recientemente rescatada, fue hallada por efectivos de la Comisar\u00eda 5ta y reintegrada al hogar de Papa Francisco.<\/p>\n<p>En los procedimientos, se incautaron dispositivos m\u00f3viles para peritajes. Interviniendo de manera conjunta la Secci\u00f3n An\u00e1lisis e Investigaci\u00f3n de Ciberdelitos (S.A.I.C.), coordinada por el Dr. Juan Pablo Vedoya Recio; la Divisi\u00f3n Criminal\u00edstica de la Unidad Regional X; la Direcci\u00f3n Infanter\u00eda; y las Comisar\u00edas 5\u00aa, 14\u00aa y de la Mujer de Itaemb\u00e9 Min\u00ed.<\/p>\n","protected":false},"excerpt":{"rendered":"<p>La investigaci\u00f3n comenz\u00f3 tras la desaparici\u00f3n de dos adolescentes que resid\u00edan en el Hogar Papa<\/p>\n","protected":false},"author":1,"featured_media":53650,"comment_status":"closed","ping_status":"open","sticky":false,"template":"","format":"standard","meta":{"footnotes":""},"categories":[1,229],"tags":[],"class_list":["post-53649","post","type-post","status-publish","format-standard","has-post-thumbnail","hentry","category-actualidad","category-provinciales"],"_links":{"self":[{"href":"https:\/\/actualizateiguazu.com\/v3\/wp-json\/wp\/v2\/posts\/53649","targetHints":{"allow":["GET"]}}],"collection":[{"href":"https:\/\/actualizateiguazu.com\/v3\/wp-json\/wp\/v2\/posts"}],"about":[{"href":"https:\/\/actualizateiguazu.com\/v3\/wp-json\/wp\/v2\/types\/post"}],"author":[{"embeddable":true,"href":"https:\/\/actualizateiguazu.com\/v3\/wp-json\/wp\/v2\/users\/1"}],"replies":[{"embeddable":true,"href":"https:\/\/actualizateiguazu.com\/v3\/wp-json\/wp\/v2\/comments?post=53649"}],"version-history":[{"count":1,"href":"https:\/\/actualizateiguazu.com\/v3\/wp-json\/wp\/v2\/posts\/53649\/revisions"}],"predecessor-version":[{"id":53652,"href":"https:\/\/actualizateiguazu.com\/v3\/wp-json\/wp\/v2\/posts\/53649\/revisions\/53652"}],"wp:featuredmedia":[{"embeddable":true,"href":"https:\/\/actualizateiguazu.com\/v3\/wp-json\/wp\/v2\/media\/53650"}],"wp:attachment":[{"href":"https:\/\/actualizateiguazu.com\/v3\/wp-json\/wp\/v2\/media?parent=53649"}],"wp:term":[{"taxonomy":"category","embeddable":true,"href":"https:\/\/actualizateiguazu.com\/v3\/wp-json\/wp\/v2\/categories?post=53649"},{"taxonomy":"post_tag","embeddable":true,"href":"https:\/\/actualizateiguazu.com\/v3\/wp-json\/wp\/v2\/tags?post=53649"}],"curies":[{"name":"wp","href":"https:\/\/api.w.org\/{rel}","templated":true}]}}