{"id":53668,"date":"2025-10-15T16:05:36","date_gmt":"2025-10-15T19:05:36","guid":{"rendered":"https:\/\/actualizateiguazu.com\/v3\/?p=53668"},"modified":"2025-10-15T16:05:36","modified_gmt":"2025-10-15T19:05:36","slug":"convocan-a-toda-la-comunidad-a-colaborar-con-la-iv-edicion-de-la-motopapanoleada","status":"publish","type":"post","link":"https:\/\/actualizateiguazu.com\/v3\/2025\/10\/15\/convocan-a-toda-la-comunidad-a-colaborar-con-la-iv-edicion-de-la-motopapanoleada\/","title":{"rendered":"Convocan a toda la comunidad a colaborar con la IV edici\u00f3n de la Motopapanoleada"},"content":{"rendered":"<p>Nuevamente un grupo de motociclistas impulsa una gran celebraci\u00f3n para agasajar a los ni\u00f1os en navidad. Convocan a artistas, bailarines y personas que quieran participar en la organizaci\u00f3n del mega evento.<\/p>\n<p>La \u00abMoto Papanoelada\u00bb es un evento solidario anual organizado por un grupo de motociclistas para celebrar la Navidad repartiendo alegr\u00eda, golosinas y llevando alegr\u00eda a los ni\u00f1os de toda la ciudad de Puerto Iguaz\u00fa. Desde la organizaci\u00f3n anunciaron que la pr\u00f3xima edici\u00f3n ser\u00e1 el s\u00e1bado 20 de diciembre de 2025, a partir de las 17 horas en el anfiteatro Ramon Ayala. Convocan a todos los que quieran colaborar ya sea con golosinas, dulces, show o simplemente manos para ayudar a unirse al grupo.<\/p>\n<p><img loading=\"lazy\" decoding=\"async\" class=\"alignnone size-full wp-image-53669\" src=\"https:\/\/actualizateiguazu.com\/v3\/wp-content\/uploads\/2025\/10\/WhatsApp-Image-2025-10-14-at-10.05.02.jpeg\" alt=\"\" width=\"1599\" height=\"1066\" srcset=\"https:\/\/actualizateiguazu.com\/v3\/wp-content\/uploads\/2025\/10\/WhatsApp-Image-2025-10-14-at-10.05.02.jpeg 1599w, https:\/\/actualizateiguazu.com\/v3\/wp-content\/uploads\/2025\/10\/WhatsApp-Image-2025-10-14-at-10.05.02-300x200.jpeg 300w, https:\/\/actualizateiguazu.com\/v3\/wp-content\/uploads\/2025\/10\/WhatsApp-Image-2025-10-14-at-10.05.02-1024x683.jpeg 1024w, https:\/\/actualizateiguazu.com\/v3\/wp-content\/uploads\/2025\/10\/WhatsApp-Image-2025-10-14-at-10.05.02-768x512.jpeg 768w, https:\/\/actualizateiguazu.com\/v3\/wp-content\/uploads\/2025\/10\/WhatsApp-Image-2025-10-14-at-10.05.02-1536x1024.jpeg 1536w\" sizes=\"auto, (max-width: 1599px) 100vw, 1599px\" \/><\/p>\n<p>Como hace 3 a\u00f1os \u00a0la celebraci\u00f3n incluir\u00e1 una caravana de motos, espect\u00e1culos art\u00edsticos en el Anfiteatro Ram\u00f3n Ayala y otras actividades recreativas para los m\u00e1s peque\u00f1os. \u201ces un evento especial para los ni\u00f1os de nuestra comunidad. Queremos brindarles un d\u00eda lleno de diversi\u00f3n, alegr\u00eda y magia.Necesitamos tu colaboraci\u00f3n para hacer posible este evento. Tu aporte puede ser fundamental para que los ni\u00f1os puedan disfrutar de actividades, juegos y sorpresas\u201d manifest\u00f3 Leonardo Tupa impulsor del evento<\/p>\n<p>Este a\u00f1o el grupo comenz\u00f3 tarde con la organizaci\u00f3n y es un grupo mas reducido que el a\u00f1o pasado es por eso que abrieron la convocatoria para que todos los que quieran ser parte del evento lo puedan hacer. \u201cSe puede colaborar de diversas maneras, con donaciones, siendo voluntario, materiales, los artistas que quieran ser parte del show tambi\u00e9n se pueden sumar. Entre todos podemos llevar alegr\u00eda a todos los ni\u00f1os\u201d remarc\u00f3<\/p>\n<p>Los interesados en colaborar puedan contractarse con le grupo por las redes sociales o comunicarse al 3757-450833<\/p>\n<p><img loading=\"lazy\" decoding=\"async\" class=\"alignnone size-full wp-image-53670\" src=\"https:\/\/actualizateiguazu.com\/v3\/wp-content\/uploads\/2025\/10\/WhatsApp-Image-2025-10-14-at-10.04.55.jpeg\" alt=\"\" width=\"1599\" height=\"1066\" srcset=\"https:\/\/actualizateiguazu.com\/v3\/wp-content\/uploads\/2025\/10\/WhatsApp-Image-2025-10-14-at-10.04.55.jpeg 1599w, https:\/\/actualizateiguazu.com\/v3\/wp-content\/uploads\/2025\/10\/WhatsApp-Image-2025-10-14-at-10.04.55-300x200.jpeg 300w, https:\/\/actualizateiguazu.com\/v3\/wp-content\/uploads\/2025\/10\/WhatsApp-Image-2025-10-14-at-10.04.55-1024x683.jpeg 1024w, https:\/\/actualizateiguazu.com\/v3\/wp-content\/uploads\/2025\/10\/WhatsApp-Image-2025-10-14-at-10.04.55-768x512.jpeg 768w, https:\/\/actualizateiguazu.com\/v3\/wp-content\/uploads\/2025\/10\/WhatsApp-Image-2025-10-14-at-10.04.55-1536x1024.jpeg 1536w\" sizes=\"auto, (max-width: 1599px) 100vw, 1599px\" \/><\/p>\n<p>&nbsp;<\/p>\n<p>&nbsp;<\/p>\n","protected":false},"excerpt":{"rendered":"<p>Nuevamente un grupo de motociclistas impulsa una gran celebraci\u00f3n para agasajar a los ni\u00f1os en<\/p>\n","protected":false},"author":1,"featured_media":53671,"comment_status":"closed","ping_status":"open","sticky":false,"template":"","format":"standard","meta":{"footnotes":""},"categories":[1,222,226],"tags":[],"class_list":["post-53668","post","type-post","status-publish","format-standard","has-post-thumbnail","hentry","category-actualidad","category-cultura","category-locales"],"_links":{"self":[{"href":"https:\/\/actualizateiguazu.com\/v3\/wp-json\/wp\/v2\/posts\/53668","targetHints":{"allow":["GET"]}}],"collection":[{"href":"https:\/\/actualizateiguazu.com\/v3\/wp-json\/wp\/v2\/posts"}],"about":[{"href":"https:\/\/actualizateiguazu.com\/v3\/wp-json\/wp\/v2\/types\/post"}],"author":[{"embeddable":true,"href":"https:\/\/actualizateiguazu.com\/v3\/wp-json\/wp\/v2\/users\/1"}],"replies":[{"embeddable":true,"href":"https:\/\/actualizateiguazu.com\/v3\/wp-json\/wp\/v2\/comments?post=53668"}],"version-history":[{"count":1,"href":"https:\/\/actualizateiguazu.com\/v3\/wp-json\/wp\/v2\/posts\/53668\/revisions"}],"predecessor-version":[{"id":53672,"href":"https:\/\/actualizateiguazu.com\/v3\/wp-json\/wp\/v2\/posts\/53668\/revisions\/53672"}],"wp:featuredmedia":[{"embeddable":true,"href":"https:\/\/actualizateiguazu.com\/v3\/wp-json\/wp\/v2\/media\/53671"}],"wp:attachment":[{"href":"https:\/\/actualizateiguazu.com\/v3\/wp-json\/wp\/v2\/media?parent=53668"}],"wp:term":[{"taxonomy":"category","embeddable":true,"href":"https:\/\/actualizateiguazu.com\/v3\/wp-json\/wp\/v2\/categories?post=53668"},{"taxonomy":"post_tag","embeddable":true,"href":"https:\/\/actualizateiguazu.com\/v3\/wp-json\/wp\/v2\/tags?post=53668"}],"curies":[{"name":"wp","href":"https:\/\/api.w.org\/{rel}","templated":true}]}}