{"id":53673,"date":"2025-10-15T21:14:10","date_gmt":"2025-10-16T00:14:10","guid":{"rendered":"https:\/\/actualizateiguazu.com\/v3\/?p=53673"},"modified":"2025-10-15T21:29:03","modified_gmt":"2025-10-16T00:29:03","slug":"imputaron-a-conductor-acusado-de-atropellar-y-matar-en-iguazu","status":"publish","type":"post","link":"https:\/\/actualizateiguazu.com\/v3\/2025\/10\/15\/imputaron-a-conductor-acusado-de-atropellar-y-matar-en-iguazu\/","title":{"rendered":"Imputaron a conductor acusado de atropellar y matar en Iguaz\u00fa"},"content":{"rendered":"<p>Samuel A. (44), presunto conductor de un VW Gol que embisti\u00f3 y provoc\u00f3 la muerte de un adolescente el pasado jueves 9 de octubre se abstuvo de declarar ante el Juzgado de Instrucci\u00f3n Tres de Puerto Iguaz\u00fa. El sospechoso, horas despu\u00e9s del hecho se entreg\u00f3 a la Polic\u00eda y dijo que le hab\u00edan robado el auto.<\/p>\n<p>En el marco de la investigaci\u00f3n que se inici\u00f3 el pasado 9 de octubres en Puerto Iguaz\u00fa tras la muerte de Kevin Rodr\u00edguez, un motociclista de 16 a\u00f1os que fue embestido por un autom\u00f3vil y cuyo conductor implicado escap\u00f3 del lugar tras el hecho, el Juzgado de Instrucci\u00f3n Tres de Puerto Iguaz\u00fa avanz\u00f3 con la correspondiente audiencia indagatoria al automovilista apuntado como responsable. Se trata de Samuel A. (44), quien horas despu\u00e9s del tr\u00e1gico suceso se entreg\u00f3 ante la Polic\u00eda y afirm\u00f3 desconocer el hecho ya que, seg\u00fan \u00e9l, horas antes le hab\u00edan robado su veh\u00edculo.<\/p>\n<p>De acuerdo a fuentes consultadas por El Territorio, el traslado del sospechoso al edificio judicial se concret\u00f3 este lunes en donde, tras ser notificado formalmente de las acusaciones que pesan en su contra, el detenido opt\u00f3 por guardar silencio y no dar detalles de lo sucedido. Y sin que esto le represente una complicaci\u00f3n en su situaci\u00f3n procesal.<\/p>\n<p>M\u00e1s all\u00e1 de esto \u00faltimo, Samuel A., fue imputado por siniestro mortal y por el momento continuar\u00e1 tras las rejas, a la espera de que su defensa eval\u00fae o considere pertinente alg\u00fan planteo de excarcelaci\u00f3n.<\/p>\n<p>El hecho que se investiga sucedi\u00f3 cerca de las 22.50 del pasado jueves 9 de octubre sobre la Avenida Provincia de Jujuy, casi Avenida Rep\u00fablica Argentina de la Ciudad de las Cataratas.<\/p>\n<p>All\u00ed, una motocicleta Keller Stratus de 150, guiada por Rodr\u00edguez, fue embestida por un Volkswagen Gol, cuyo conductor se dio a la fuga, apenas unos instantes posteriores al impacto.<\/p>\n<p>El motociclista fue hallado inconsciente y luego fue trasladado al Hospital Samic de Iguaz\u00fa, donde horas despu\u00e9s se confirm\u00f3 su fallecimiento a causa de una fractura en la columna cervical.<\/p>\n<p>En el marco de la investigaci\u00f3n, el Volkswagen Gol fue hallado abandonado y posteriormente se estableci\u00f3 que pertenecer\u00eda a Samuel A. (44), domiciliado en el barrio Orqu\u00eddeas de Iguaz\u00fa. Y quien el \u00faltimo s\u00e1bado por la ma\u00f1ana se present\u00f3 en la Comisar\u00eda Tercera afirmando que su autom\u00f3vil hab\u00eda sido sustra\u00eddo.<\/p>\n<p>Tras consultar con las autoridades judiciales intervinientes, se dispuso su detenci\u00f3n y puesta a disposici\u00f3n de la Comisar\u00eda Cuarta, que instruye la causa caratulada como \u201chomicidio en accidente de tr\u00e1nsito\u201d.<\/p>\n<p>En el lugar del hecho trabajaron efectivos de la UR-V junto a las divisiones Criminal\u00edstica y Bioqu\u00edmica Policial, bajo las directivas del Juzgado interviniente.<\/p>\n<p>Fuente: El Territorio<\/p>\n","protected":false},"excerpt":{"rendered":"<p>Samuel A. (44), presunto conductor de un VW Gol que embisti\u00f3 y provoc\u00f3 la muerte<\/p>\n","protected":false},"author":1,"featured_media":53575,"comment_status":"closed","ping_status":"open","sticky":false,"template":"","format":"standard","meta":{"footnotes":""},"categories":[1,226],"tags":[],"class_list":["post-53673","post","type-post","status-publish","format-standard","has-post-thumbnail","hentry","category-actualidad","category-locales"],"_links":{"self":[{"href":"https:\/\/actualizateiguazu.com\/v3\/wp-json\/wp\/v2\/posts\/53673","targetHints":{"allow":["GET"]}}],"collection":[{"href":"https:\/\/actualizateiguazu.com\/v3\/wp-json\/wp\/v2\/posts"}],"about":[{"href":"https:\/\/actualizateiguazu.com\/v3\/wp-json\/wp\/v2\/types\/post"}],"author":[{"embeddable":true,"href":"https:\/\/actualizateiguazu.com\/v3\/wp-json\/wp\/v2\/users\/1"}],"replies":[{"embeddable":true,"href":"https:\/\/actualizateiguazu.com\/v3\/wp-json\/wp\/v2\/comments?post=53673"}],"version-history":[{"count":2,"href":"https:\/\/actualizateiguazu.com\/v3\/wp-json\/wp\/v2\/posts\/53673\/revisions"}],"predecessor-version":[{"id":53675,"href":"https:\/\/actualizateiguazu.com\/v3\/wp-json\/wp\/v2\/posts\/53673\/revisions\/53675"}],"wp:featuredmedia":[{"embeddable":true,"href":"https:\/\/actualizateiguazu.com\/v3\/wp-json\/wp\/v2\/media\/53575"}],"wp:attachment":[{"href":"https:\/\/actualizateiguazu.com\/v3\/wp-json\/wp\/v2\/media?parent=53673"}],"wp:term":[{"taxonomy":"category","embeddable":true,"href":"https:\/\/actualizateiguazu.com\/v3\/wp-json\/wp\/v2\/categories?post=53673"},{"taxonomy":"post_tag","embeddable":true,"href":"https:\/\/actualizateiguazu.com\/v3\/wp-json\/wp\/v2\/tags?post=53673"}],"curies":[{"name":"wp","href":"https:\/\/api.w.org\/{rel}","templated":true}]}}